{"id":2985,"date":"2025-07-03T14:50:00","date_gmt":"2025-07-03T17:50:00","guid":{"rendered":"https:\/\/pos.uel.br\/direito-negocial\/?p=2985"},"modified":"2025-09-01T14:52:24","modified_gmt":"2025-09-01T17:52:24","slug":"estudante-aracelli-m-b-bermejo-defende-doutorado-sobre-autonomia-do-paciente-no-programa-de-direito-negocial-da-uel","status":"publish","type":"post","link":"https:\/\/pos.uel.br\/direito-negocial\/noticias-ppgdn\/2025\/07\/03\/estudante-aracelli-m-b-bermejo-defende-doutorado-sobre-autonomia-do-paciente-no-programa-de-direito-negocial-da-uel\/","title":{"rendered":"Estudante Aracelli M. B. Bermejo defende doutorado sobre autonomia do paciente no Programa de Direito Negocial da UEL"},"content":{"rendered":"\n\nFoi realizada na manh\u00e3 da \u00faltima quinta-feira, 3 de julho, a banca de defesa de doutorado da estudante Aracelli M. B. Bermejo, integrante da primeira turma de Doutorado do Programa de P\u00f3s-Gradua\u00e7\u00e3o em Direito Negocial da Universidade Estadual de Londrina (UEL). A sess\u00e3o teve in\u00edcio \u00e0s 8h15, na sala 452 do Centro de Estudos Sociais Aplicados (CESA), sob a orienta\u00e7\u00e3o da Professora Dra. Rita C. R. T. Espolador.\n\n\n\n\n<div class=\"wp-block-media-text is-stacked-on-mobile\">\n<figure class=\"wp-block-media-text__media\"><img loading=\"lazy\" decoding=\"async\" width=\"1024\" height=\"768\" class=\"wp-image-2172 size-full\" src=\"https:\/\/pos.uel.br\/direito-negocial\/wp-content\/uploads\/2025\/07\/WhatsApp-Image-2025-07-03-at-15.18.11-1024x768.jpeg\" alt=\"\" srcset=\"https:\/\/pos.uel.br\/direito-negocial\/wp-content\/uploads\/2025\/07\/WhatsApp-Image-2025-07-03-at-15.18.11-1024x768.jpeg 1024w, https:\/\/pos.uel.br\/direito-negocial\/wp-content\/uploads\/2025\/07\/WhatsApp-Image-2025-07-03-at-15.18.11-300x225.jpeg 300w, https:\/\/pos.uel.br\/direito-negocial\/wp-content\/uploads\/2025\/07\/WhatsApp-Image-2025-07-03-at-15.18.11-768x576.jpeg 768w, https:\/\/pos.uel.br\/direito-negocial\/wp-content\/uploads\/2025\/07\/WhatsApp-Image-2025-07-03-at-15.18.11.jpeg 1280w\" sizes=\"auto, (max-width: 1024px) 100vw, 1024px\" \/><\/figure>\n<div class=\"wp-block-media-text__content\">Com o t\u00edtulo <em>&#8220;A tutela jur\u00eddica da decis\u00e3o em sa\u00fade: O alcance da comunica\u00e7\u00e3o humana pelo direito negocial na promo\u00e7\u00e3o da autonomia do paciente&#8221;<\/em>, a pesquisa desenvolvida por Bermejo prop\u00f4s uma an\u00e1lise cr\u00edtica e interdisciplinar sobre os limites e potencialidades do Direito Negocial como ferramenta de promo\u00e7\u00e3o da autonomia do paciente nas decis\u00f5es m\u00e9dicas.\n\n\n\n\n\nA banca avaliadora foi composta por docentes e pesquisadores de reconhecida trajet\u00f3ria acad\u00eamica na \u00e1rea do direito e da medicina, Prof. Dr. Marcos Liboni, Dr. Igor de Lucena Mascarenhas, Prof. Dra. Daniela Braga Paiano e Prof. Dra. Juliana Pav\u00e3o, que destacaram a originalidade e a relev\u00e2ncia do estudo para o avan\u00e7o das discuss\u00f5es sobre direitos fundamentais na \u00e1rea da sa\u00fade e a consolida\u00e7\u00e3o da autonomia como princ\u00edpio norteador da atua\u00e7\u00e3o m\u00e9dica e jur\u00eddica.\n\n\n\n<\/div>\n<\/div>\n\n\n\n\nA defesa de Aracelli Bermejo representa mais um marco na produ\u00e7\u00e3o cient\u00edfica do Programa de P\u00f3s-Gradua\u00e7\u00e3o em Direito Negocial da UEL, reafirmando seu compromisso com a forma\u00e7\u00e3o acad\u00eamica de excel\u00eancia e com a pesquisa aplicada a temas de alta complexidade social.\n\n","protected":false},"excerpt":{"rendered":"<p>Foi realizada na manh\u00e3 da \u00faltima quinta-feira, 3 de julho, a banca de defesa de doutorado da estudante Aracelli M. B. Bermejo, integrante da primeira turma de Doutorado do Programa de P\u00f3s-Gradua\u00e7\u00e3o em Direito Negocial da Universidade Estadual de Londrina (UEL). A sess\u00e3o teve in\u00edcio \u00e0s 8h15, na sala 452 do Centro de Estudos Sociais [&hellip;]<\/p>\n","protected":false},"author":16,"featured_media":2172,"comment_status":"open","ping_status":"open","sticky":false,"template":"","format":"standard","meta":{"_acf_changed":false,"footnotes":""},"categories":[12,18],"tags":[],"class_list":["post-2985","post","type-post","status-publish","format-standard","has-post-thumbnail","hentry","category-noticias-ppgdn","category-registros"],"acf":[],"_links":{"self":[{"href":"https:\/\/pos.uel.br\/direito-negocial\/wp-json\/wp\/v2\/posts\/2985","targetHints":{"allow":["GET"]}}],"collection":[{"href":"https:\/\/pos.uel.br\/direito-negocial\/wp-json\/wp\/v2\/posts"}],"about":[{"href":"https:\/\/pos.uel.br\/direito-negocial\/wp-json\/wp\/v2\/types\/post"}],"author":[{"embeddable":true,"href":"https:\/\/pos.uel.br\/direito-negocial\/wp-json\/wp\/v2\/users\/16"}],"replies":[{"embeddable":true,"href":"https:\/\/pos.uel.br\/direito-negocial\/wp-json\/wp\/v2\/comments?post=2985"}],"version-history":[{"count":1,"href":"https:\/\/pos.uel.br\/direito-negocial\/wp-json\/wp\/v2\/posts\/2985\/revisions"}],"predecessor-version":[{"id":2986,"href":"https:\/\/pos.uel.br\/direito-negocial\/wp-json\/wp\/v2\/posts\/2985\/revisions\/2986"}],"wp:featuredmedia":[{"embeddable":true,"href":"https:\/\/pos.uel.br\/direito-negocial\/wp-json\/wp\/v2\/media\/2172"}],"wp:attachment":[{"href":"https:\/\/pos.uel.br\/direito-negocial\/wp-json\/wp\/v2\/media?parent=2985"}],"wp:term":[{"taxonomy":"category","embeddable":true,"href":"https:\/\/pos.uel.br\/direito-negocial\/wp-json\/wp\/v2\/categories?post=2985"},{"taxonomy":"post_tag","embeddable":true,"href":"https:\/\/pos.uel.br\/direito-negocial\/wp-json\/wp\/v2\/tags?post=2985"}],"curies":[{"name":"wp","href":"https:\/\/api.w.org\/{rel}","templated":true}]}}