{"id":2982,"date":"2025-07-04T14:41:00","date_gmt":"2025-07-04T17:41:00","guid":{"rendered":"https:\/\/pos.uel.br\/direito-negocial\/?p=2982"},"modified":"2025-09-01T14:45:30","modified_gmt":"2025-09-01T17:45:30","slug":"defesa-de-doutorado-discute-mitigacao-de-perdas-e-boa-fe-objetiva-nos-negocios-juridicos-agrarios-na-uel","status":"publish","type":"post","link":"https:\/\/pos.uel.br\/direito-negocial\/noticias-ppgdn\/2025\/07\/04\/defesa-de-doutorado-discute-mitigacao-de-perdas-e-boa-fe-objetiva-nos-negocios-juridicos-agrarios-na-uel\/","title":{"rendered":"Defesa de doutorado discute mitiga\u00e7\u00e3o de perdas e boa-f\u00e9 objetiva nos neg\u00f3cios jur\u00eddicos agr\u00e1rios na UEL"},"content":{"rendered":"\n\nNesta sexta-feira, 4 de julho, a Universidade Estadual de Londrina (UEL) sediou mais uma importante defesa no \u00e2mbito do Programa de P\u00f3s-Gradua\u00e7\u00e3o em Direito Negocial. A doutoranda e professora Dra. Adiloar F. Zemuner apresentou seu trabalho intitulado &#8220;Neg\u00f3cios jur\u00eddicos agr\u00e1rios e figuras parcelares na boa-f\u00e9 objetiva: Proposta de implementa\u00e7\u00e3o do duty to mitigate the loss&#8221;, sob a orienta\u00e7\u00e3o da Professora Dra. Daniela Braga Paiano.\n\n\n\n\n<div class=\"wp-block-media-text has-media-on-the-right is-stacked-on-mobile\" style=\"grid-template-columns: auto 44%\">\n<div class=\"wp-block-media-text__content\">A sess\u00e3o ocorreu no per\u00edodo da manh\u00e3 e reuniu especialistas da \u00e1rea para an\u00e1lise da pesquisa, que prop\u00f5e a inser\u00e7\u00e3o do dever de mitigar o pr\u00f3prio preju\u00edzo (duty to mitigate the loss) no contexto dos neg\u00f3cios jur\u00eddicos agr\u00e1rios, com base no princ\u00edpio da boa-f\u00e9 objetiva e nas chamadas figuras parcelares.\n\n\n\n\n\nA proposta apresentada por Zemuner foi elogiada pela banca avaliadora por sua abordagem inovadora e pela articula\u00e7\u00e3o entre teoria contratual, pr\u00e1ticas do agroneg\u00f3cio e elementos da dogm\u00e1tica civil contempor\u00e2nea. A pesquisa refor\u00e7a a relev\u00e2ncia do Direito Agr\u00e1rio dentro dos estudos negociais, evidenciando como princ\u00edpios estruturantes, como a boa-f\u00e9, podem ser operacionalizados de forma pr\u00e1tica no cotidiano jur\u00eddico.\n\n\n\n\n<figure class=\"wp-block-image size-large\"><img loading=\"lazy\" decoding=\"async\" width=\"1024\" height=\"768\" class=\"wp-image-2185\" src=\"https:\/\/pos.uel.br\/direito-negocial\/wp-content\/uploads\/2025\/07\/WhatsApp-Image-2025-07-04-at-12.25.58-1024x768.jpeg\" alt=\"\" srcset=\"https:\/\/pos.uel.br\/direito-negocial\/wp-content\/uploads\/2025\/07\/WhatsApp-Image-2025-07-04-at-12.25.58-1024x768.jpeg 1024w, https:\/\/pos.uel.br\/direito-negocial\/wp-content\/uploads\/2025\/07\/WhatsApp-Image-2025-07-04-at-12.25.58-300x225.jpeg 300w, https:\/\/pos.uel.br\/direito-negocial\/wp-content\/uploads\/2025\/07\/WhatsApp-Image-2025-07-04-at-12.25.58-768x576.jpeg 768w, https:\/\/pos.uel.br\/direito-negocial\/wp-content\/uploads\/2025\/07\/WhatsApp-Image-2025-07-04-at-12.25.58-1536x1152.jpeg 1536w, https:\/\/pos.uel.br\/direito-negocial\/wp-content\/uploads\/2025\/07\/WhatsApp-Image-2025-07-04-at-12.25.58.jpeg 1600w\" sizes=\"auto, (max-width: 1024px) 100vw, 1024px\" \/><\/figure>\n\n\n<\/div>\n<figure class=\"wp-block-media-text__media\"><img loading=\"lazy\" decoding=\"async\" width=\"769\" height=\"1024\" class=\"wp-image-2183 size-full\" src=\"https:\/\/pos.uel.br\/direito-negocial\/wp-content\/uploads\/2025\/07\/WhatsApp-Image-2025-07-04-at-12.25.57-769x1024.jpeg\" alt=\"\" srcset=\"https:\/\/pos.uel.br\/direito-negocial\/wp-content\/uploads\/2025\/07\/WhatsApp-Image-2025-07-04-at-12.25.57-769x1024.jpeg 769w, https:\/\/pos.uel.br\/direito-negocial\/wp-content\/uploads\/2025\/07\/WhatsApp-Image-2025-07-04-at-12.25.57-225x300.jpeg 225w, https:\/\/pos.uel.br\/direito-negocial\/wp-content\/uploads\/2025\/07\/WhatsApp-Image-2025-07-04-at-12.25.57-768x1023.jpeg 768w, https:\/\/pos.uel.br\/direito-negocial\/wp-content\/uploads\/2025\/07\/WhatsApp-Image-2025-07-04-at-12.25.57-1153x1536.jpeg 1153w, https:\/\/pos.uel.br\/direito-negocial\/wp-content\/uploads\/2025\/07\/WhatsApp-Image-2025-07-04-at-12.25.57.jpeg 1201w\" sizes=\"auto, (max-width: 769px) 100vw, 769px\" \/><\/figure>\n<\/div>\n\n\n\n\nCom essa defesa, o Programa de P\u00f3s-Gradua\u00e7\u00e3o em Direito Negocial da UEL reafirma seu protagonismo na forma\u00e7\u00e3o de pesquisadores comprometidos com temas de alta relev\u00e2ncia social e econ\u00f4mica, e na produ\u00e7\u00e3o acad\u00eamica voltada ao aprimoramento das institui\u00e7\u00f5es jur\u00eddicas brasileiras.\n\n","protected":false},"excerpt":{"rendered":"<p>Nesta sexta-feira, 4 de julho, a Universidade Estadual de Londrina (UEL) sediou mais uma importante defesa no \u00e2mbito do Programa de P\u00f3s-Gradua\u00e7\u00e3o em Direito Negocial. A doutoranda e professora Dra. Adiloar F. Zemuner apresentou seu trabalho intitulado &#8220;Neg\u00f3cios jur\u00eddicos agr\u00e1rios e figuras parcelares na boa-f\u00e9 objetiva: Proposta de implementa\u00e7\u00e3o do duty to mitigate the loss&#8221;, [&hellip;]<\/p>\n","protected":false},"author":16,"featured_media":2183,"comment_status":"open","ping_status":"open","sticky":false,"template":"","format":"standard","meta":{"_acf_changed":false,"footnotes":""},"categories":[12,18],"tags":[],"class_list":["post-2982","post","type-post","status-publish","format-standard","has-post-thumbnail","hentry","category-noticias-ppgdn","category-registros"],"acf":[],"_links":{"self":[{"href":"https:\/\/pos.uel.br\/direito-negocial\/wp-json\/wp\/v2\/posts\/2982","targetHints":{"allow":["GET"]}}],"collection":[{"href":"https:\/\/pos.uel.br\/direito-negocial\/wp-json\/wp\/v2\/posts"}],"about":[{"href":"https:\/\/pos.uel.br\/direito-negocial\/wp-json\/wp\/v2\/types\/post"}],"author":[{"embeddable":true,"href":"https:\/\/pos.uel.br\/direito-negocial\/wp-json\/wp\/v2\/users\/16"}],"replies":[{"embeddable":true,"href":"https:\/\/pos.uel.br\/direito-negocial\/wp-json\/wp\/v2\/comments?post=2982"}],"version-history":[{"count":1,"href":"https:\/\/pos.uel.br\/direito-negocial\/wp-json\/wp\/v2\/posts\/2982\/revisions"}],"predecessor-version":[{"id":2983,"href":"https:\/\/pos.uel.br\/direito-negocial\/wp-json\/wp\/v2\/posts\/2982\/revisions\/2983"}],"wp:featuredmedia":[{"embeddable":true,"href":"https:\/\/pos.uel.br\/direito-negocial\/wp-json\/wp\/v2\/media\/2183"}],"wp:attachment":[{"href":"https:\/\/pos.uel.br\/direito-negocial\/wp-json\/wp\/v2\/media?parent=2982"}],"wp:term":[{"taxonomy":"category","embeddable":true,"href":"https:\/\/pos.uel.br\/direito-negocial\/wp-json\/wp\/v2\/categories?post=2982"},{"taxonomy":"post_tag","embeddable":true,"href":"https:\/\/pos.uel.br\/direito-negocial\/wp-json\/wp\/v2\/tags?post=2982"}],"curies":[{"name":"wp","href":"https:\/\/api.w.org\/{rel}","templated":true}]}}