{"id":2977,"date":"2025-07-02T14:33:00","date_gmt":"2025-07-02T17:33:00","guid":{"rendered":"https:\/\/pos.uel.br\/direito-negocial\/?p=2977"},"modified":"2025-09-01T14:37:27","modified_gmt":"2025-09-01T17:37:27","slug":"programa-de-pos-graduacao-em-direito-negocial-participa-do-1o-dialogo-da-rede-agendas-de-direito-civil-constitucional","status":"publish","type":"post","link":"https:\/\/pos.uel.br\/direito-negocial\/sem-categoria\/2025\/07\/02\/programa-de-pos-graduacao-em-direito-negocial-participa-do-1o-dialogo-da-rede-agendas-de-direito-civil-constitucional\/","title":{"rendered":"Programa de P\u00f3s-Gradua\u00e7\u00e3o em Direito Negocial participa do 1\u00ba Di\u00e1logo da Rede Agendas de Direito Civil Constitucional"},"content":{"rendered":"\n<p>No dia 2 de julho, foi realizado, em formato online, o 1\u00ba Di\u00e1logo da Rede Agendas de Direito Civil Constitucional, evento que reuniu pesquisadoras e pesquisadores de diversas institui\u00e7\u00f5es para discutir temas atuais e desafiadores do Direito Civil \u00e0 luz da Constitui\u00e7\u00e3o. O Programa de P\u00f3s-Gradua\u00e7\u00e3o em Direito Negocial da Universidade Estadual de Londrina (UEL) teve participa\u00e7\u00e3o ativa na organiza\u00e7\u00e3o do encontro, reafirmando seu compromisso com a produ\u00e7\u00e3o cient\u00edfica cr\u00edtica e interdisciplinar.<\/p>\n\n\n\n<p>A professora Rita Tarifa Espolador, docente permanente do PPGD Negocial\/UEL, participou como debatedora, ao lado das professoras Priscila Zeni de S\u00e1 e Helena Orselli, contribuindo com reflex\u00f5es relevantes ao longo das exposi\u00e7\u00f5es e ampliando o di\u00e1logo entre os temas apresentados e os desafios da realidade jur\u00eddica brasileira.<\/p>\n\n\n\n<p>O evento contou com a apresenta\u00e7\u00e3o de cinco palestras que abordaram quest\u00f5es centrais do Direito Civil contempor\u00e2neo, com especial aten\u00e7\u00e3o \u00e0s transforma\u00e7\u00f5es provocadas pelas novas tecnologias, justi\u00e7a digital e reinterpreta\u00e7\u00f5es doutrin\u00e1rias e jurisprudenciais:<\/p>\n\n\n\n<p>Marcos Ehrhardt abriu o evento com a palestra &#8220;O problema do consentimento nos neg\u00f3cios jur\u00eddicos sobre dados pessoais&#8221;, tratando das implica\u00e7\u00f5es jur\u00eddicas e \u00e9ticas do tratamento de dados \u00e0 luz da LGPD.<\/p>\n\n\n\n<p>Pablo Malheiros abordou os &#8220;Precedentes persuasivos e vinculantes e a relativiza\u00e7\u00e3o do direito real de habita\u00e7\u00e3o (STJ)&#8221;, oferecendo uma an\u00e1lise cr\u00edtica sobre os limites e possibilidades da vincula\u00e7\u00e3o jurisprudencial em mat\u00e9ria de Direito das Sucess\u00f5es.<\/p>\n\n\n\n<p>Guilherme Martins apresentou o tema &#8220;P\u00f3s-colonialismo digital e justi\u00e7a descolonial&#8221;, trazendo uma perspectiva inovadora sobre justi\u00e7a e tecnologia a partir de referenciais decoloniais.<\/p>\n\n\n\n<p>Cassius Chai discutiu &#8220;A fun\u00e7\u00e3o social dos algoritmos: uma aproxima\u00e7\u00e3o te\u00f3rica&#8221;, destacando os impactos das decis\u00f5es automatizadas no campo jur\u00eddico e os desafios de sua regula\u00e7\u00e3o.<\/p>\n\n\n\n<p>Encerrando o ciclo de palestras, Mar\u00edlia Sampaio abordou &#8220;Repara\u00e7\u00e3o de danos e novas tecnologias: redes sociais, fraudes banc\u00e1rias e influenciadores digitais&#8221;, refletindo sobre os limites da responsabilidade civil diante dos novos contextos de consumo digital.<\/p>\n\n\n\n<p>O evento foi promovido em parceria com o grupo Agendas de Direito Civil Constitucional e o grupo de pesquisa PLURI \u2013 Pluridimensionalidades do Direito Privado Contempor\u00e2neo, contando com a participa\u00e7\u00e3o de docentes e discentes de programas de p\u00f3s-gradua\u00e7\u00e3o de todo o pa\u00eds.<\/p>\n\n\n\n<p>A Rede Agendas tem se consolidado como um espa\u00e7o plural e inovador de debate, e a participa\u00e7\u00e3o do Programa de P\u00f3s-Gradua\u00e7\u00e3o em Direito Negocial da UEL reafirma seu protagonismo na constru\u00e7\u00e3o de uma abordagem cr\u00edtica e contempor\u00e2nea do&nbsp;Direito&nbsp;Civil.<\/p>\n\n\n\n<p><\/p>\n\n\n\n<figure class=\"wp-block-gallery has-nested-images columns-default is-cropped wp-block-gallery-1 is-layout-flex wp-block-gallery-is-layout-flex\">\n<figure class=\"wp-block-image size-large\"><img loading=\"lazy\" decoding=\"async\" width=\"900\" height=\"580\" data-id=\"2203\" src=\"https:\/\/pos.uel.br\/direito-negocial\/wp-content\/uploads\/2025\/07\/Imagem-do-WhatsApp-de-2025-07-08-as-19.43.22_0ce6d064.jpg\" alt=\"\" class=\"wp-image-2203\" srcset=\"https:\/\/pos.uel.br\/direito-negocial\/wp-content\/uploads\/2025\/07\/Imagem-do-WhatsApp-de-2025-07-08-as-19.43.22_0ce6d064.jpg 900w, https:\/\/pos.uel.br\/direito-negocial\/wp-content\/uploads\/2025\/07\/Imagem-do-WhatsApp-de-2025-07-08-as-19.43.22_0ce6d064-300x193.jpg 300w, https:\/\/pos.uel.br\/direito-negocial\/wp-content\/uploads\/2025\/07\/Imagem-do-WhatsApp-de-2025-07-08-as-19.43.22_0ce6d064-768x495.jpg 768w\" sizes=\"auto, (max-width: 900px) 100vw, 900px\" \/><\/figure>\n\n\n\n<figure class=\"wp-block-image size-large\"><img loading=\"lazy\" decoding=\"async\" width=\"860\" height=\"1024\" data-id=\"2204\" src=\"https:\/\/pos.uel.br\/direito-negocial\/wp-content\/uploads\/2025\/07\/Imagem-do-WhatsApp-de-2025-07-08-as-19.43.21_7df43dde-860x1024.jpg\" alt=\"\" class=\"wp-image-2204\" srcset=\"https:\/\/pos.uel.br\/direito-negocial\/wp-content\/uploads\/2025\/07\/Imagem-do-WhatsApp-de-2025-07-08-as-19.43.21_7df43dde-860x1024.jpg 860w, https:\/\/pos.uel.br\/direito-negocial\/wp-content\/uploads\/2025\/07\/Imagem-do-WhatsApp-de-2025-07-08-as-19.43.21_7df43dde-252x300.jpg 252w, https:\/\/pos.uel.br\/direito-negocial\/wp-content\/uploads\/2025\/07\/Imagem-do-WhatsApp-de-2025-07-08-as-19.43.21_7df43dde-768x915.jpg 768w, https:\/\/pos.uel.br\/direito-negocial\/wp-content\/uploads\/2025\/07\/Imagem-do-WhatsApp-de-2025-07-08-as-19.43.21_7df43dde.jpg 900w\" sizes=\"auto, (max-width: 860px) 100vw, 860px\" \/><\/figure>\n<\/figure>\n\n","protected":false},"excerpt":{"rendered":"<p>No dia 2 de julho, foi realizado, em formato online, o 1\u00ba Di\u00e1logo da Rede Agendas de Direito Civil Constitucional, evento que reuniu pesquisadoras e pesquisadores de diversas institui\u00e7\u00f5es para discutir temas atuais e desafiadores do Direito Civil \u00e0 luz da Constitui\u00e7\u00e3o. O Programa de P\u00f3s-Gradua\u00e7\u00e3o em Direito Negocial da Universidade Estadual de Londrina (UEL) [&hellip;]<\/p>\n","protected":false},"author":16,"featured_media":2204,"comment_status":"open","ping_status":"open","sticky":false,"template":"","format":"standard","meta":{"_acf_changed":false,"footnotes":""},"categories":[1],"tags":[],"class_list":["post-2977","post","type-post","status-publish","format-standard","has-post-thumbnail","hentry","category-sem-categoria"],"acf":[],"_links":{"self":[{"href":"https:\/\/pos.uel.br\/direito-negocial\/wp-json\/wp\/v2\/posts\/2977","targetHints":{"allow":["GET"]}}],"collection":[{"href":"https:\/\/pos.uel.br\/direito-negocial\/wp-json\/wp\/v2\/posts"}],"about":[{"href":"https:\/\/pos.uel.br\/direito-negocial\/wp-json\/wp\/v2\/types\/post"}],"author":[{"embeddable":true,"href":"https:\/\/pos.uel.br\/direito-negocial\/wp-json\/wp\/v2\/users\/16"}],"replies":[{"embeddable":true,"href":"https:\/\/pos.uel.br\/direito-negocial\/wp-json\/wp\/v2\/comments?post=2977"}],"version-history":[{"count":1,"href":"https:\/\/pos.uel.br\/direito-negocial\/wp-json\/wp\/v2\/posts\/2977\/revisions"}],"predecessor-version":[{"id":2978,"href":"https:\/\/pos.uel.br\/direito-negocial\/wp-json\/wp\/v2\/posts\/2977\/revisions\/2978"}],"wp:featuredmedia":[{"embeddable":true,"href":"https:\/\/pos.uel.br\/direito-negocial\/wp-json\/wp\/v2\/media\/2204"}],"wp:attachment":[{"href":"https:\/\/pos.uel.br\/direito-negocial\/wp-json\/wp\/v2\/media?parent=2977"}],"wp:term":[{"taxonomy":"category","embeddable":true,"href":"https:\/\/pos.uel.br\/direito-negocial\/wp-json\/wp\/v2\/categories?post=2977"},{"taxonomy":"post_tag","embeddable":true,"href":"https:\/\/pos.uel.br\/direito-negocial\/wp-json\/wp\/v2\/tags?post=2977"}],"curies":[{"name":"wp","href":"https:\/\/api.w.org\/{rel}","templated":true}]}}