{"id":2975,"date":"2025-07-14T14:26:00","date_gmt":"2025-07-14T17:26:00","guid":{"rendered":"https:\/\/pos.uel.br\/direito-negocial\/?p=2975"},"modified":"2025-09-01T14:32:58","modified_gmt":"2025-09-01T17:32:58","slug":"o-discente-willian-zendrini-buzingnani-do-programa-de-doutorado-em-direito-negocial-da-uel-defendeu-sua-tese-nesta-semana","status":"publish","type":"post","link":"https:\/\/pos.uel.br\/direito-negocial\/sem-categoria\/2025\/07\/14\/o-discente-willian-zendrini-buzingnani-do-programa-de-doutorado-em-direito-negocial-da-uel-defendeu-sua-tese-nesta-semana\/","title":{"rendered":"O discente Willian Zendrini Buzingnani do Programa de Doutorado em Direito Negocial da UEL defendeu sua tese nesta semana"},"content":{"rendered":"\n<p>Foi realizada na tarde da \u00faltima quarta-feira, 09 de julho, a banca de defesa de doutorado do discente Willian Zendrini Buzingnani, sob a orienta\u00e7\u00e3o do Professor Dr. Luiz Fernando Bellinetti, com o t\u00edtulo&nbsp;<em>\u201cA forma\u00e7\u00e3o da ratio decidendi dos precedentes e a atividade transindividual no sistema recursal brasileiro: a converg\u00eancia entre argumenta\u00e7\u00e3o jur\u00eddica, filosofia de linguagem, procedimentalismo, substancialismo e hermen\u00eautica na constru\u00e7\u00e3o das decis\u00f5es judiciais com efic\u00e1cia transindividual\u201d<\/em>.<\/p>\n\n\n\n<p>A banca avaliadora contou com a participa\u00e7\u00e3o dos docentes convidados Prof. Dr. Clayton de Albuquerque Maranh\u00e3o da Universidade Federal do Paran\u00e1 e do Prof. Dr. Jos\u00e9 Miguel Garcia Medina da Universidade Paranaense e dos docentes da casa Patricia Ayub da Costa e Elve Miguel Cenci.<\/p>\n\n\n\n<p>A pesquisa desenvolvida abordou uma teoria pluralista para a forma\u00e7\u00e3o da \u201cratio decidendi\u201d dos precedentes, integrando argumenta\u00e7\u00e3o jur\u00eddica, filosofia da linguagem, procedimentalismo, substancialismo e hermen\u00eautica. A partir da an\u00e1lise de institutos do CPC, como o IRDR, IAC e recursos repetitivos, demonstra como os precedentes consolidam a jurisprud\u00eancia, uniformizam a interpreta\u00e7\u00e3o normativa e asseguram efic\u00e1cia transindividual. Ao combinar silogismo, sem\u00e2ntica, sintaxe, pragm\u00e1tica e at\u00e9 mesmo a intui\u00e7\u00e3o do julgador, a pesquisa equilibra coer\u00eancia, legitimidade e flexibilidade interpretativa, apontando caminhos para a evolu\u00e7\u00e3o do direito contempor\u00e2neo.<\/p>\n\n\n\n<p>A defesa de Willian reflete o crescimento da trajet\u00f3ria cient\u00edfica do Programa de P\u00f3s-Gradua\u00e7\u00e3o em Direito Negocial da UEL, refor\u00e7ando seu compromisso com a forma\u00e7\u00e3o acad\u00eamica de qualidade.<\/p>\n\n\n\n<div class=\"wp-block-group\"><div class=\"wp-block-group__inner-container is-layout-constrained wp-block-group-is-layout-constrained\">\n<figure class=\"wp-block-gallery has-nested-images columns-default is-cropped wp-block-gallery-1 is-layout-flex wp-block-gallery-is-layout-flex\">\n<figure class=\"wp-block-image size-large\"><img loading=\"lazy\" decoding=\"async\" width=\"567\" height=\"319\" data-id=\"2279\" src=\"https:\/\/pos.uel.br\/direito-negocial\/wp-content\/uploads\/2025\/07\/Imagem2.jpg\" alt=\"\" class=\"wp-image-2279\" srcset=\"https:\/\/pos.uel.br\/direito-negocial\/wp-content\/uploads\/2025\/07\/Imagem2.jpg 567w, https:\/\/pos.uel.br\/direito-negocial\/wp-content\/uploads\/2025\/07\/Imagem2-300x169.jpg 300w\" sizes=\"auto, (max-width: 567px) 100vw, 567px\" \/><\/figure>\n\n\n\n<figure class=\"wp-block-image size-large\"><img loading=\"lazy\" decoding=\"async\" width=\"567\" height=\"425\" data-id=\"2280\" src=\"https:\/\/pos.uel.br\/direito-negocial\/wp-content\/uploads\/2025\/07\/Imagem1-2.jpg\" alt=\"\" class=\"wp-image-2280\" srcset=\"https:\/\/pos.uel.br\/direito-negocial\/wp-content\/uploads\/2025\/07\/Imagem1-2.jpg 567w, https:\/\/pos.uel.br\/direito-negocial\/wp-content\/uploads\/2025\/07\/Imagem1-2-300x225.jpg 300w\" sizes=\"auto, (max-width: 567px) 100vw, 567px\" \/><\/figure>\n<\/figure>\n<\/div><\/div>\n\n","protected":false},"excerpt":{"rendered":"<p>Foi realizada na tarde da \u00faltima quarta-feira, 09 de julho, a banca de defesa de doutorado do discente Willian Zendrini Buzingnani, sob a orienta\u00e7\u00e3o do Professor Dr. Luiz Fernando Bellinetti, com o t\u00edtulo&nbsp;\u201cA forma\u00e7\u00e3o da ratio decidendi dos precedentes e a atividade transindividual no sistema recursal brasileiro: a converg\u00eancia entre argumenta\u00e7\u00e3o jur\u00eddica, filosofia de linguagem, [&hellip;]<\/p>\n","protected":false},"author":16,"featured_media":2277,"comment_status":"open","ping_status":"open","sticky":false,"template":"","format":"standard","meta":{"_acf_changed":false,"footnotes":""},"categories":[1],"tags":[],"class_list":["post-2975","post","type-post","status-publish","format-standard","has-post-thumbnail","hentry","category-sem-categoria"],"acf":[],"_links":{"self":[{"href":"https:\/\/pos.uel.br\/direito-negocial\/wp-json\/wp\/v2\/posts\/2975","targetHints":{"allow":["GET"]}}],"collection":[{"href":"https:\/\/pos.uel.br\/direito-negocial\/wp-json\/wp\/v2\/posts"}],"about":[{"href":"https:\/\/pos.uel.br\/direito-negocial\/wp-json\/wp\/v2\/types\/post"}],"author":[{"embeddable":true,"href":"https:\/\/pos.uel.br\/direito-negocial\/wp-json\/wp\/v2\/users\/16"}],"replies":[{"embeddable":true,"href":"https:\/\/pos.uel.br\/direito-negocial\/wp-json\/wp\/v2\/comments?post=2975"}],"version-history":[{"count":1,"href":"https:\/\/pos.uel.br\/direito-negocial\/wp-json\/wp\/v2\/posts\/2975\/revisions"}],"predecessor-version":[{"id":2976,"href":"https:\/\/pos.uel.br\/direito-negocial\/wp-json\/wp\/v2\/posts\/2975\/revisions\/2976"}],"wp:featuredmedia":[{"embeddable":true,"href":"https:\/\/pos.uel.br\/direito-negocial\/wp-json\/wp\/v2\/media\/2277"}],"wp:attachment":[{"href":"https:\/\/pos.uel.br\/direito-negocial\/wp-json\/wp\/v2\/media?parent=2975"}],"wp:term":[{"taxonomy":"category","embeddable":true,"href":"https:\/\/pos.uel.br\/direito-negocial\/wp-json\/wp\/v2\/categories?post=2975"},{"taxonomy":"post_tag","embeddable":true,"href":"https:\/\/pos.uel.br\/direito-negocial\/wp-json\/wp\/v2\/tags?post=2975"}],"curies":[{"name":"wp","href":"https:\/\/api.w.org\/{rel}","templated":true}]}}