{"id":2971,"date":"2025-07-14T18:00:00","date_gmt":"2025-07-14T21:00:00","guid":{"rendered":"https:\/\/pos.uel.br\/direito-negocial\/?p=2971"},"modified":"2025-09-01T13:29:48","modified_gmt":"2025-09-01T16:29:48","slug":"bolsistas-contemplados-para-mobilidade-academica-do-zicosur-universitario-participaram-da-primeira-reuniao-de-alinhamento-e-organizacao-do-cronograma-de-atividades-de-pesquisa","status":"publish","type":"post","link":"https:\/\/pos.uel.br\/direito-negocial\/noticias-ppgdn\/2025\/07\/14\/bolsistas-contemplados-para-mobilidade-academica-do-zicosur-universitario-participaram-da-primeira-reuniao-de-alinhamento-e-organizacao-do-cronograma-de-atividades-de-pesquisa\/","title":{"rendered":"Bolsistas contemplados para mobilidade acad\u00eamica do ZICOSUR Universit\u00e1rio participaram da primeira reuni\u00e3o de alinhamento e organiza\u00e7\u00e3o do cronograma de atividades de pesquisa"},"content":{"rendered":"\n<p>Os pesquisadores de P\u00f3s-doutorado do Programa de P\u00f3s-gradua\u00e7\u00e3o em Direito Negocial da Universidade Estadual de Londrina (UEL), Adyr G. Ferreira Neto (UEL) e Maria Esmeralda (UNICAN), contemplados com bolsa para mobilidade acad\u00eamica do ZICOSUR Universit\u00e1rio, participaram da primeira reuni\u00e3o de alinhamento e organiza\u00e7\u00e3o do cronograma de atividades de pesquisa.<\/p>\n\n\n\n<p>O Grupo ZICOSUR Universit\u00e1rio foi institu\u00eddo com o objetivo de fortalecer e ampliar a coopera\u00e7\u00e3o universit\u00e1ria no \u00e2mbito da Zona de Integra\u00e7\u00e3o Centro-Oeste da Am\u00e9rica do Sul, promovendo uma inser\u00e7\u00e3o mais significativa no cen\u00e1rio internacional e incentivando o desenvolvimento econ\u00f4mico e social da regi\u00e3o.<\/p>\n\n\n\n<p>O ZICOSUR \u00e9 composto por 43 Universidades dos seguintes pa\u00edses: Argentina, Bol\u00edvia, Brasil, Chile, Paraguai, Peru e Uruguai. O Grupo destaca que a educa\u00e7\u00e3o e a cultura assumem um papel estrat\u00e9gico nos processos de integra\u00e7\u00e3o, por constitu\u00edrem instrumentos essenciais para a constru\u00e7\u00e3o de uma identidade comum, alicer\u00e7ada no conhecimento m\u00fatuo e no respeito \u00e0 diversidade.<\/p>\n\n\n\n<p>Os pesquisadores realizar\u00e3o a mobilidade acad\u00eamica entre a Universidade Estadual de Londrina (UEL) e a Universidad Nacional de Canindey\u00fa (UNICAN) do Paraguai.<\/p>\n\n\n\n<figure class=\"wp-block-gallery has-nested-images columns-default is-cropped wp-block-gallery-1 is-layout-flex wp-block-gallery-is-layout-flex\">\n<figure class=\"wp-block-image size-large\"><img loading=\"lazy\" decoding=\"async\" width=\"821\" height=\"410\" data-id=\"2295\" src=\"https:\/\/pos.uel.br\/direito-negocial\/wp-content\/uploads\/2025\/07\/zicosur.jpg\" alt=\"\" class=\"wp-image-2295\" srcset=\"https:\/\/pos.uel.br\/direito-negocial\/wp-content\/uploads\/2025\/07\/zicosur.jpg 821w, https:\/\/pos.uel.br\/direito-negocial\/wp-content\/uploads\/2025\/07\/zicosur-300x150.jpg 300w, https:\/\/pos.uel.br\/direito-negocial\/wp-content\/uploads\/2025\/07\/zicosur-768x384.jpg 768w\" sizes=\"auto, (max-width: 821px) 100vw, 821px\" \/><\/figure>\n<\/figure>\n","protected":false},"excerpt":{"rendered":"<p>Os pesquisadores de P\u00f3s-doutorado do Programa de P\u00f3s-gradua\u00e7\u00e3o em Direito Negocial da Universidade Estadual de Londrina (UEL), Adyr G. Ferreira Neto (UEL) e Maria Esmeralda (UNICAN), contemplados com bolsa para mobilidade acad\u00eamica do ZICOSUR Universit\u00e1rio, participaram da primeira reuni\u00e3o de alinhamento e organiza\u00e7\u00e3o do cronograma de atividades de pesquisa.<\/p>\n","protected":false},"author":16,"featured_media":2295,"comment_status":"open","ping_status":"open","sticky":false,"template":"","format":"standard","meta":{"_acf_changed":false,"footnotes":""},"categories":[31,28,12,18],"tags":[],"class_list":["post-2971","post","type-post","status-publish","format-standard","has-post-thumbnail","hentry","category-aulas","category-destaque-discente","category-noticias-ppgdn","category-registros"],"acf":[],"_links":{"self":[{"href":"https:\/\/pos.uel.br\/direito-negocial\/wp-json\/wp\/v2\/posts\/2971","targetHints":{"allow":["GET"]}}],"collection":[{"href":"https:\/\/pos.uel.br\/direito-negocial\/wp-json\/wp\/v2\/posts"}],"about":[{"href":"https:\/\/pos.uel.br\/direito-negocial\/wp-json\/wp\/v2\/types\/post"}],"author":[{"embeddable":true,"href":"https:\/\/pos.uel.br\/direito-negocial\/wp-json\/wp\/v2\/users\/16"}],"replies":[{"embeddable":true,"href":"https:\/\/pos.uel.br\/direito-negocial\/wp-json\/wp\/v2\/comments?post=2971"}],"version-history":[{"count":1,"href":"https:\/\/pos.uel.br\/direito-negocial\/wp-json\/wp\/v2\/posts\/2971\/revisions"}],"predecessor-version":[{"id":2973,"href":"https:\/\/pos.uel.br\/direito-negocial\/wp-json\/wp\/v2\/posts\/2971\/revisions\/2973"}],"wp:featuredmedia":[{"embeddable":true,"href":"https:\/\/pos.uel.br\/direito-negocial\/wp-json\/wp\/v2\/media\/2295"}],"wp:attachment":[{"href":"https:\/\/pos.uel.br\/direito-negocial\/wp-json\/wp\/v2\/media?parent=2971"}],"wp:term":[{"taxonomy":"category","embeddable":true,"href":"https:\/\/pos.uel.br\/direito-negocial\/wp-json\/wp\/v2\/categories?post=2971"},{"taxonomy":"post_tag","embeddable":true,"href":"https:\/\/pos.uel.br\/direito-negocial\/wp-json\/wp\/v2\/tags?post=2971"}],"curies":[{"name":"wp","href":"https:\/\/api.w.org\/{rel}","templated":true}]}}