{"id":2969,"date":"2025-07-10T18:00:00","date_gmt":"2025-07-10T21:00:00","guid":{"rendered":"https:\/\/pos.uel.br\/direito-negocial\/?p=2969"},"modified":"2025-09-01T11:56:20","modified_gmt":"2025-09-01T14:56:20","slug":"o-ppgdn-apresenta-os-novos-seis-doutores-em-direito-negocial-pela-uel","status":"publish","type":"post","link":"https:\/\/pos.uel.br\/direito-negocial\/noticias-ppgdn\/2025\/07\/10\/o-ppgdn-apresenta-os-novos-seis-doutores-em-direito-negocial-pela-uel\/","title":{"rendered":"O PPGDN APRESENTA OS NOVOS SEIS DOUTORES EM DIREITO NEGOCIAL PELA UEL"},"content":{"rendered":"\n<p>O Programa de P\u00f3s-Gradua\u00e7\u00e3o em Direito Negocial (PPGDN) da Universidade Estadual de Londrina celebra a formatura de sua primeira turma de doutorado. Desde 1978, o programa de Mestrado em Direito tem se destacado pela excel\u00eancia acad\u00eamica consolidada ao longo de d\u00e9cadas, o que culminou no reconhecimento e na implementa\u00e7\u00e3o do novo programa de Doutorado. A turma iniciou o curso remotamente em 2021, devido o contexto da pandemia. Ap\u00f3s quatro anos, registrou nesta foto sua primeira reuni\u00e3o presencial em julho de 2025, celebrando a defesa da \u00faltima tese e o encerramento do curso. Os primeiros Doutores em Direito da hist\u00f3ria da UEL s\u00e3o: Adyr Garcia Ferreira Netto, Adiloar Franco Zemuner, Aracelli Mesquita Bandolin Bermejo, Fellipe Cianca Fortes, Joice Duarte Gon\u00e7alves Bergamaschi e Willian Zendrini Buzingnani. As teses defendidas est\u00e3o dispon\u00edveis no site do PPGDN.<\/p>\n\n\n\n<p>No dia 10\/07\/2025 os seis egressos, agora doutores, reuniram-se para celebrar essa etapa t\u00e3o importante, que resultou nessa fotografia hist\u00f3rica ao Programa de P\u00f3s-Gradua\u00e7\u00e3o em Direito Negocial.<\/p>\n\n\n\n<figure class=\"wp-block-gallery has-nested-images columns-default is-cropped wp-block-gallery-1 is-layout-flex wp-block-gallery-is-layout-flex\">\n<figure class=\"wp-block-image size-large\"><img loading=\"lazy\" decoding=\"async\" width=\"768\" height=\"1024\" data-id=\"2309\" src=\"https:\/\/pos.uel.br\/direito-negocial\/wp-content\/uploads\/2025\/07\/WhatsApp-Image-2025-07-15-at-09.59.32-768x1024.jpeg\" alt=\"\" class=\"wp-image-2309\" srcset=\"https:\/\/pos.uel.br\/direito-negocial\/wp-content\/uploads\/2025\/07\/WhatsApp-Image-2025-07-15-at-09.59.32-768x1024.jpeg 768w, https:\/\/pos.uel.br\/direito-negocial\/wp-content\/uploads\/2025\/07\/WhatsApp-Image-2025-07-15-at-09.59.32-225x300.jpeg 225w, https:\/\/pos.uel.br\/direito-negocial\/wp-content\/uploads\/2025\/07\/WhatsApp-Image-2025-07-15-at-09.59.32.jpeg 960w\" sizes=\"auto, (max-width: 768px) 100vw, 768px\" \/><\/figure>\n<\/figure>\n","protected":false},"excerpt":{"rendered":"<p>No dia 10\/07\/2025 os seis egressos, agora doutores, reuniram-se para celebrar essa etapa t\u00e3o importante, que resultou nessa fotografia hist\u00f3rica ao Programa de P\u00f3s-Gradua\u00e7\u00e3o em Direito Negocial.<\/p>\n","protected":false},"author":16,"featured_media":2309,"comment_status":"open","ping_status":"open","sticky":false,"template":"","format":"standard","meta":{"_acf_changed":false,"footnotes":""},"categories":[28,12,18],"tags":[],"class_list":["post-2969","post","type-post","status-publish","format-standard","has-post-thumbnail","hentry","category-destaque-discente","category-noticias-ppgdn","category-registros"],"acf":[],"_links":{"self":[{"href":"https:\/\/pos.uel.br\/direito-negocial\/wp-json\/wp\/v2\/posts\/2969","targetHints":{"allow":["GET"]}}],"collection":[{"href":"https:\/\/pos.uel.br\/direito-negocial\/wp-json\/wp\/v2\/posts"}],"about":[{"href":"https:\/\/pos.uel.br\/direito-negocial\/wp-json\/wp\/v2\/types\/post"}],"author":[{"embeddable":true,"href":"https:\/\/pos.uel.br\/direito-negocial\/wp-json\/wp\/v2\/users\/16"}],"replies":[{"embeddable":true,"href":"https:\/\/pos.uel.br\/direito-negocial\/wp-json\/wp\/v2\/comments?post=2969"}],"version-history":[{"count":1,"href":"https:\/\/pos.uel.br\/direito-negocial\/wp-json\/wp\/v2\/posts\/2969\/revisions"}],"predecessor-version":[{"id":2970,"href":"https:\/\/pos.uel.br\/direito-negocial\/wp-json\/wp\/v2\/posts\/2969\/revisions\/2970"}],"wp:featuredmedia":[{"embeddable":true,"href":"https:\/\/pos.uel.br\/direito-negocial\/wp-json\/wp\/v2\/media\/2309"}],"wp:attachment":[{"href":"https:\/\/pos.uel.br\/direito-negocial\/wp-json\/wp\/v2\/media?parent=2969"}],"wp:term":[{"taxonomy":"category","embeddable":true,"href":"https:\/\/pos.uel.br\/direito-negocial\/wp-json\/wp\/v2\/categories?post=2969"},{"taxonomy":"post_tag","embeddable":true,"href":"https:\/\/pos.uel.br\/direito-negocial\/wp-json\/wp\/v2\/tags?post=2969"}],"curies":[{"name":"wp","href":"https:\/\/api.w.org\/{rel}","templated":true}]}}