{"id":2966,"date":"2025-07-11T11:37:00","date_gmt":"2025-07-11T14:37:00","guid":{"rendered":"https:\/\/pos.uel.br\/direito-negocial\/?p=2966"},"modified":"2025-09-01T22:33:17","modified_gmt":"2025-09-02T01:33:17","slug":"prof-clodomiro-bannwart-e-mestranda-priscila-silva-debatem-sobre-compliance-em-instituicoes-religiosas-com-o-padre-rafael-solano","status":"publish","type":"post","link":"https:\/\/pos.uel.br\/direito-negocial\/noticias-ppgdn\/2025\/07\/11\/prof-clodomiro-bannwart-e-mestranda-priscila-silva-debatem-sobre-compliance-em-instituicoes-religiosas-com-o-padre-rafael-solano\/","title":{"rendered":"Prof. Clodomiro Bannwart e mestranda Priscila Silva debatem sobre compliance em institui\u00e7\u00f5es religiosas com o Padre Rafael Solano"},"content":{"rendered":"\n<p>No dia 11 de julho de 2025, o coordenador do PPGDN, prof. Dr. Clodomiro Bannwart, e a mestranda Priscila Silva \u2013 que pesquisa o compliance nas institui\u00e7\u00f5es religiosas \u2013 foram recebidos pelo Padre Rafael Solano para uma conversa sobre a relev\u00e2ncia do compliance para a Igreja Cat\u00f3lica no Brasil. Rafael Solano, que tamb\u00e9m \u00e9 professor e coordenador do Curso de Teologia da PUC\/Londrina, apresentou a experi\u00eancia do compliance na Arquidiocese de Londrina e o processo de governan\u00e7a adotado pela CNBB.<br>Nesta conversa ficou evidenciado que o compliance dentro da Igreja Cat\u00f3lica j\u00e1 vem sendo pensado h\u00e1 mais de oito anos. Solano destacou que \u201ca pol\u00edtica de Compliance est\u00e1 na contram\u00e3o de um mundo perverso e corrupto onde se pagam propinas e se mente. O compliance veio para ficar. Tem a ver com transpar\u00eancia, atua\u00e7\u00e3o \u00e9tica, honestidade, coer\u00eancia e se atentar para os aspectos legais e morais. Compliance \u00e9 o que nos d\u00e1 garantia para que a transpar\u00eancia e a verdade sejam estabelecidas nas organiza\u00e7\u00f5es\u201d.<br>O padre Solano tamb\u00e9m assegurou que o compliance religioso representa uma contribui\u00e7\u00e3o inovadora e necess\u00e1ria \u00e0 consolida\u00e7\u00e3o dos ensinamentos crist\u00e3os baseados no pr\u00f3prio Evangelho, ao promover pr\u00e1ticas de integridade, transpar\u00eancia e responsabiliza\u00e7\u00e3o institucional nas organiza\u00e7\u00f5es religiosas.<br>O compliance deve ser observado pelo conjunto de pessoas que integram a organiza\u00e7\u00e3o, incluindo os fornecedores, e os explicita num processo de comunica\u00e7\u00e3o, de modo que a informa\u00e7\u00e3o seja compartilhada por todos, como uma esp\u00e9cie de ouvidoria transparente.<br>A contribui\u00e7\u00e3o do Padre Rafael Solano foi muito importante e se alinha ao projeto de pesquisa que a mestranda Priscila Silva tem desenvolvido no Programa de P\u00f3s-gradua\u00e7\u00e3o em Direito Negocial da Universidade Estadual de Londrina.<br><\/p>\n\n\n\n<figure class=\"wp-block-gallery has-nested-images columns-default is-cropped wp-block-gallery-1 is-layout-flex wp-block-gallery-is-layout-flex\">\n<figure class=\"wp-block-image size-large\"><img loading=\"lazy\" decoding=\"async\" width=\"768\" height=\"1024\" data-id=\"2303\" src=\"https:\/\/pos.uel.br\/direito-negocial\/wp-content\/uploads\/2025\/07\/WhatsApp-Image-2025-07-15-at-10.00.34-1-768x1024.jpeg\" alt=\"\" class=\"wp-image-2303\" srcset=\"https:\/\/pos.uel.br\/direito-negocial\/wp-content\/uploads\/2025\/07\/WhatsApp-Image-2025-07-15-at-10.00.34-1-768x1024.jpeg 768w, https:\/\/pos.uel.br\/direito-negocial\/wp-content\/uploads\/2025\/07\/WhatsApp-Image-2025-07-15-at-10.00.34-1-225x300.jpeg 225w, https:\/\/pos.uel.br\/direito-negocial\/wp-content\/uploads\/2025\/07\/WhatsApp-Image-2025-07-15-at-10.00.34-1.jpeg 960w\" sizes=\"auto, (max-width: 768px) 100vw, 768px\" \/><\/figure>\n<\/figure>\n","protected":false},"excerpt":{"rendered":"<p>No dia 11 de julho de 2025, o coordenador do PPGDN, prof. Dr. Clodomiro Bannwart, e a mestranda Priscila Silva \u2013 que pesquisa o compliance nas institui\u00e7\u00f5es religiosas \u2013 foram recebidos pelo Padre Rafael Solano para uma conversa sobre a relev\u00e2ncia do compliance para a Igreja Cat\u00f3lica no Brasil. Rafael Solano, que tamb\u00e9m \u00e9 professor [&hellip;]<\/p>\n","protected":false},"author":16,"featured_media":2303,"comment_status":"open","ping_status":"open","sticky":false,"template":"","format":"standard","meta":{"_acf_changed":false,"footnotes":""},"categories":[28,30,12],"tags":[],"class_list":["post-2966","post","type-post","status-publish","format-standard","has-post-thumbnail","hentry","category-destaque-discente","category-eventos","category-noticias-ppgdn"],"acf":[],"_links":{"self":[{"href":"https:\/\/pos.uel.br\/direito-negocial\/wp-json\/wp\/v2\/posts\/2966","targetHints":{"allow":["GET"]}}],"collection":[{"href":"https:\/\/pos.uel.br\/direito-negocial\/wp-json\/wp\/v2\/posts"}],"about":[{"href":"https:\/\/pos.uel.br\/direito-negocial\/wp-json\/wp\/v2\/types\/post"}],"author":[{"embeddable":true,"href":"https:\/\/pos.uel.br\/direito-negocial\/wp-json\/wp\/v2\/users\/16"}],"replies":[{"embeddable":true,"href":"https:\/\/pos.uel.br\/direito-negocial\/wp-json\/wp\/v2\/comments?post=2966"}],"version-history":[{"count":1,"href":"https:\/\/pos.uel.br\/direito-negocial\/wp-json\/wp\/v2\/posts\/2966\/revisions"}],"predecessor-version":[{"id":2967,"href":"https:\/\/pos.uel.br\/direito-negocial\/wp-json\/wp\/v2\/posts\/2966\/revisions\/2967"}],"wp:featuredmedia":[{"embeddable":true,"href":"https:\/\/pos.uel.br\/direito-negocial\/wp-json\/wp\/v2\/media\/2303"}],"wp:attachment":[{"href":"https:\/\/pos.uel.br\/direito-negocial\/wp-json\/wp\/v2\/media?parent=2966"}],"wp:term":[{"taxonomy":"category","embeddable":true,"href":"https:\/\/pos.uel.br\/direito-negocial\/wp-json\/wp\/v2\/categories?post=2966"},{"taxonomy":"post_tag","embeddable":true,"href":"https:\/\/pos.uel.br\/direito-negocial\/wp-json\/wp\/v2\/tags?post=2966"}],"curies":[{"name":"wp","href":"https:\/\/api.w.org\/{rel}","templated":true}]}}