{"id":2910,"date":"2025-08-29T14:40:04","date_gmt":"2025-08-29T17:40:04","guid":{"rendered":"https:\/\/pos.uel.br\/direito-negocial\/?p=2910"},"modified":"2025-08-29T14:40:04","modified_gmt":"2025-08-29T17:40:04","slug":"ppgdn-uel-recebe-professora-da-unican-em-disciplina-sobre-gestao-de-conflitos","status":"publish","type":"post","link":"https:\/\/pos.uel.br\/direito-negocial\/sem-categoria\/2025\/08\/29\/ppgdn-uel-recebe-professora-da-unican-em-disciplina-sobre-gestao-de-conflitos\/","title":{"rendered":"PPGDN\/UEL recebe professora da UNICAN em disciplina sobre Gest\u00e3o de Conflitos"},"content":{"rendered":"\n<p><strong>Atividade fortalece a coopera\u00e7\u00e3o acad\u00eamica internacional e a troca de experi\u00eancias no Programa<\/strong><\/p>\n\n\n\n<p>O Programa de P\u00f3s-Gradua\u00e7\u00e3o em Direito Negocial (PPGDN) da Universidade Estadual de Londrina (UEL) iniciou, no \u00faltimo dia <strong>25 de agosto<\/strong>, a disciplina <strong>Gest\u00e3o de Conflitos em Neg\u00f3cios Jur\u00eddicos P\u00fablicos e Privados<\/strong>, ministrada pelas professoras <strong>Patr\u00edcia Ayub<\/strong> e <strong>T\u00e2nia Lobo Muniz<\/strong>.<\/p>\n\n\n\n<p>A aula contou com a participa\u00e7\u00e3o especial da professora <strong>Mariela<\/strong>, da <strong>Universidad Nacional de Canindey\u00fa (UNICAN\/Paraguai)<\/strong>, que atualmente realiza seu est\u00e1gio de p\u00f3s-doutorado junto ao PPGDN\/UEL, por meio do edital da <strong>ZICOSUR Universit\u00e1ria<\/strong>.<\/p>\n\n\n\n<p>O encontro representou um momento de intensa troca de experi\u00eancias acad\u00eamicas e de fortalecimento da coopera\u00e7\u00e3o internacional, reafirmando o compromisso da UEL com a integra\u00e7\u00e3o cient\u00edfica entre pa\u00edses da Am\u00e9rica do Sul.<\/p>\n\n\n\n<p>De acordo com a coordena\u00e7\u00e3o do Programa, a participa\u00e7\u00e3o de docentes estrangeiros enriquece a forma\u00e7\u00e3o dos p\u00f3s-graduandos, amplia horizontes de pesquisa e contribui para consolidar a UEL como centro de refer\u00eancia em estudos jur\u00eddicos na regi\u00e3o.<\/p>\n\n\n\n<figure class=\"wp-block-gallery has-nested-images columns-default is-cropped wp-block-gallery-1 is-layout-flex wp-block-gallery-is-layout-flex\">\n<figure class=\"wp-block-image size-large\"><img loading=\"lazy\" decoding=\"async\" width=\"980\" height=\"890\" data-id=\"2916\" src=\"https:\/\/pos.uel.br\/direito-negocial\/wp-content\/uploads\/2025\/08\/Captura-de-Tela-2025-08-29-a\u0300s-14.33.33-1.png\" alt=\"\" class=\"wp-image-2916\" srcset=\"https:\/\/pos.uel.br\/direito-negocial\/wp-content\/uploads\/2025\/08\/Captura-de-Tela-2025-08-29-a\u0300s-14.33.33-1.png 980w, https:\/\/pos.uel.br\/direito-negocial\/wp-content\/uploads\/2025\/08\/Captura-de-Tela-2025-08-29-a\u0300s-14.33.33-1-300x272.png 300w, https:\/\/pos.uel.br\/direito-negocial\/wp-content\/uploads\/2025\/08\/Captura-de-Tela-2025-08-29-a\u0300s-14.33.33-1-768x697.png 768w\" sizes=\"auto, (max-width: 980px) 100vw, 980px\" \/><\/figure>\n<\/figure>\n\n\n\n<figure class=\"wp-block-gallery has-nested-images columns-default is-cropped wp-block-gallery-2 is-layout-flex wp-block-gallery-is-layout-flex\">\n<figure class=\"wp-block-image size-large\"><img loading=\"lazy\" decoding=\"async\" width=\"955\" height=\"989\" data-id=\"2917\" src=\"https:\/\/pos.uel.br\/direito-negocial\/wp-content\/uploads\/2025\/08\/WhatsApp-Image-2025-08-29-at-10.38.31.jpeg\" alt=\"\" class=\"wp-image-2917\" srcset=\"https:\/\/pos.uel.br\/direito-negocial\/wp-content\/uploads\/2025\/08\/WhatsApp-Image-2025-08-29-at-10.38.31.jpeg 955w, https:\/\/pos.uel.br\/direito-negocial\/wp-content\/uploads\/2025\/08\/WhatsApp-Image-2025-08-29-at-10.38.31-290x300.jpeg 290w, https:\/\/pos.uel.br\/direito-negocial\/wp-content\/uploads\/2025\/08\/WhatsApp-Image-2025-08-29-at-10.38.31-768x795.jpeg 768w\" sizes=\"auto, (max-width: 955px) 100vw, 955px\" \/><\/figure>\n\n\n\n<figure class=\"wp-block-image size-large\"><img loading=\"lazy\" decoding=\"async\" width=\"768\" height=\"1024\" data-id=\"2920\" src=\"https:\/\/pos.uel.br\/direito-negocial\/wp-content\/uploads\/2025\/08\/WhatsApp-Image-2025-08-29-at-10.38.31-2-768x1024.jpeg\" alt=\"\" class=\"wp-image-2920\" srcset=\"https:\/\/pos.uel.br\/direito-negocial\/wp-content\/uploads\/2025\/08\/WhatsApp-Image-2025-08-29-at-10.38.31-2-768x1024.jpeg 768w, https:\/\/pos.uel.br\/direito-negocial\/wp-content\/uploads\/2025\/08\/WhatsApp-Image-2025-08-29-at-10.38.31-2-225x300.jpeg 225w, https:\/\/pos.uel.br\/direito-negocial\/wp-content\/uploads\/2025\/08\/WhatsApp-Image-2025-08-29-at-10.38.31-2.jpeg 960w\" sizes=\"auto, (max-width: 768px) 100vw, 768px\" \/><\/figure>\n\n\n\n<figure class=\"wp-block-image size-large\"><img loading=\"lazy\" decoding=\"async\" width=\"1024\" height=\"768\" data-id=\"2921\" src=\"https:\/\/pos.uel.br\/direito-negocial\/wp-content\/uploads\/2025\/08\/WhatsApp-Image-2025-08-29-at-10.38.31-1-1-1024x768.jpeg\" alt=\"\" class=\"wp-image-2921\" srcset=\"https:\/\/pos.uel.br\/direito-negocial\/wp-content\/uploads\/2025\/08\/WhatsApp-Image-2025-08-29-at-10.38.31-1-1-1024x768.jpeg 1024w, https:\/\/pos.uel.br\/direito-negocial\/wp-content\/uploads\/2025\/08\/WhatsApp-Image-2025-08-29-at-10.38.31-1-1-300x225.jpeg 300w, https:\/\/pos.uel.br\/direito-negocial\/wp-content\/uploads\/2025\/08\/WhatsApp-Image-2025-08-29-at-10.38.31-1-1-768x576.jpeg 768w, https:\/\/pos.uel.br\/direito-negocial\/wp-content\/uploads\/2025\/08\/WhatsApp-Image-2025-08-29-at-10.38.31-1-1.jpeg 1280w\" sizes=\"auto, (max-width: 1024px) 100vw, 1024px\" \/><\/figure>\n\n\n\n<figure class=\"wp-block-image size-large\"><img loading=\"lazy\" decoding=\"async\" width=\"1024\" height=\"798\" data-id=\"2923\" src=\"https:\/\/pos.uel.br\/direito-negocial\/wp-content\/uploads\/2025\/08\/WhatsApp-Image-2025-08-29-at-10.38.30-1024x798.jpeg\" alt=\"\" class=\"wp-image-2923\" srcset=\"https:\/\/pos.uel.br\/direito-negocial\/wp-content\/uploads\/2025\/08\/WhatsApp-Image-2025-08-29-at-10.38.30-1024x798.jpeg 1024w, https:\/\/pos.uel.br\/direito-negocial\/wp-content\/uploads\/2025\/08\/WhatsApp-Image-2025-08-29-at-10.38.30-300x234.jpeg 300w, https:\/\/pos.uel.br\/direito-negocial\/wp-content\/uploads\/2025\/08\/WhatsApp-Image-2025-08-29-at-10.38.30-768x598.jpeg 768w, https:\/\/pos.uel.br\/direito-negocial\/wp-content\/uploads\/2025\/08\/WhatsApp-Image-2025-08-29-at-10.38.30.jpeg 1484w\" sizes=\"auto, (max-width: 1024px) 100vw, 1024px\" \/><\/figure>\n\n\n\n<figure class=\"wp-block-image size-large\"><img loading=\"lazy\" decoding=\"async\" width=\"887\" height=\"1024\" data-id=\"2919\" src=\"https:\/\/pos.uel.br\/direito-negocial\/wp-content\/uploads\/2025\/08\/WhatsApp-Image-2025-08-29-at-10.38.30-3-887x1024.jpeg\" alt=\"\" class=\"wp-image-2919\" srcset=\"https:\/\/pos.uel.br\/direito-negocial\/wp-content\/uploads\/2025\/08\/WhatsApp-Image-2025-08-29-at-10.38.30-3-887x1024.jpeg 887w, https:\/\/pos.uel.br\/direito-negocial\/wp-content\/uploads\/2025\/08\/WhatsApp-Image-2025-08-29-at-10.38.30-3-260x300.jpeg 260w, https:\/\/pos.uel.br\/direito-negocial\/wp-content\/uploads\/2025\/08\/WhatsApp-Image-2025-08-29-at-10.38.30-3-768x886.jpeg 768w, https:\/\/pos.uel.br\/direito-negocial\/wp-content\/uploads\/2025\/08\/WhatsApp-Image-2025-08-29-at-10.38.30-3.jpeg 960w\" sizes=\"auto, (max-width: 887px) 100vw, 887px\" \/><\/figure>\n\n\n\n<figure class=\"wp-block-image size-large\"><img loading=\"lazy\" decoding=\"async\" width=\"882\" height=\"427\" data-id=\"2922\" src=\"https:\/\/pos.uel.br\/direito-negocial\/wp-content\/uploads\/2025\/08\/WhatsApp-Image-2025-08-29-at-10.38.30-2-1.jpeg\" alt=\"\" class=\"wp-image-2922\" srcset=\"https:\/\/pos.uel.br\/direito-negocial\/wp-content\/uploads\/2025\/08\/WhatsApp-Image-2025-08-29-at-10.38.30-2-1.jpeg 882w, https:\/\/pos.uel.br\/direito-negocial\/wp-content\/uploads\/2025\/08\/WhatsApp-Image-2025-08-29-at-10.38.30-2-1-300x145.jpeg 300w, https:\/\/pos.uel.br\/direito-negocial\/wp-content\/uploads\/2025\/08\/WhatsApp-Image-2025-08-29-at-10.38.30-2-1-768x372.jpeg 768w\" sizes=\"auto, (max-width: 882px) 100vw, 882px\" \/><\/figure>\n\n\n\n<figure class=\"wp-block-image size-large\"><img loading=\"lazy\" decoding=\"async\" width=\"1024\" height=\"626\" data-id=\"2924\" src=\"https:\/\/pos.uel.br\/direito-negocial\/wp-content\/uploads\/2025\/08\/WhatsApp-Image-2025-08-29-at-10.38.30-1-1-1024x626.jpeg\" alt=\"\" class=\"wp-image-2924\" srcset=\"https:\/\/pos.uel.br\/direito-negocial\/wp-content\/uploads\/2025\/08\/WhatsApp-Image-2025-08-29-at-10.38.30-1-1-1024x626.jpeg 1024w, https:\/\/pos.uel.br\/direito-negocial\/wp-content\/uploads\/2025\/08\/WhatsApp-Image-2025-08-29-at-10.38.30-1-1-300x183.jpeg 300w, https:\/\/pos.uel.br\/direito-negocial\/wp-content\/uploads\/2025\/08\/WhatsApp-Image-2025-08-29-at-10.38.30-1-1-768x469.jpeg 768w, https:\/\/pos.uel.br\/direito-negocial\/wp-content\/uploads\/2025\/08\/WhatsApp-Image-2025-08-29-at-10.38.30-1-1.jpeg 1272w\" sizes=\"auto, (max-width: 1024px) 100vw, 1024px\" \/><\/figure>\n<\/figure>\n","protected":false},"excerpt":{"rendered":"<p>O Programa de Mestrado em Direito Negocial da UEL iniciou a disciplina Gest\u00e3o de Conflitos em Neg\u00f3cios Jur\u00eddicos P\u00fablicos e Privados, com participa\u00e7\u00e3o internacional da professora Mariela, da UNICAN\/Paraguai. Um momento de troca acad\u00eamica e fortalecimento da coopera\u00e7\u00e3o cient\u00edfica.<\/p>\n","protected":false},"author":34,"featured_media":2916,"comment_status":"open","ping_status":"open","sticky":false,"template":"","format":"standard","meta":{"_acf_changed":false,"footnotes":""},"categories":[1],"tags":[],"class_list":["post-2910","post","type-post","status-publish","format-standard","has-post-thumbnail","hentry","category-sem-categoria"],"acf":[],"_links":{"self":[{"href":"https:\/\/pos.uel.br\/direito-negocial\/wp-json\/wp\/v2\/posts\/2910","targetHints":{"allow":["GET"]}}],"collection":[{"href":"https:\/\/pos.uel.br\/direito-negocial\/wp-json\/wp\/v2\/posts"}],"about":[{"href":"https:\/\/pos.uel.br\/direito-negocial\/wp-json\/wp\/v2\/types\/post"}],"author":[{"embeddable":true,"href":"https:\/\/pos.uel.br\/direito-negocial\/wp-json\/wp\/v2\/users\/34"}],"replies":[{"embeddable":true,"href":"https:\/\/pos.uel.br\/direito-negocial\/wp-json\/wp\/v2\/comments?post=2910"}],"version-history":[{"count":1,"href":"https:\/\/pos.uel.br\/direito-negocial\/wp-json\/wp\/v2\/posts\/2910\/revisions"}],"predecessor-version":[{"id":2926,"href":"https:\/\/pos.uel.br\/direito-negocial\/wp-json\/wp\/v2\/posts\/2910\/revisions\/2926"}],"wp:featuredmedia":[{"embeddable":true,"href":"https:\/\/pos.uel.br\/direito-negocial\/wp-json\/wp\/v2\/media\/2916"}],"wp:attachment":[{"href":"https:\/\/pos.uel.br\/direito-negocial\/wp-json\/wp\/v2\/media?parent=2910"}],"wp:term":[{"taxonomy":"category","embeddable":true,"href":"https:\/\/pos.uel.br\/direito-negocial\/wp-json\/wp\/v2\/categories?post=2910"},{"taxonomy":"post_tag","embeddable":true,"href":"https:\/\/pos.uel.br\/direito-negocial\/wp-json\/wp\/v2\/tags?post=2910"}],"curies":[{"name":"wp","href":"https:\/\/api.w.org\/{rel}","templated":true}]}}