{"id":2899,"date":"2025-08-04T18:00:00","date_gmt":"2025-08-04T21:00:00","guid":{"rendered":"https:\/\/pos.uel.br\/direito-negocial\/?p=2899"},"modified":"2025-08-28T23:24:14","modified_gmt":"2025-08-29T02:24:14","slug":"especialista-em-governanca-maritima-ministra-palestra-para-alunos-de-pos-graduacao","status":"publish","type":"post","link":"https:\/\/pos.uel.br\/direito-negocial\/noticias-ppgdn\/2025\/08\/04\/especialista-em-governanca-maritima-ministra-palestra-para-alunos-de-pos-graduacao\/","title":{"rendered":"Especialista em Governan\u00e7a Mar\u00edtima ministra palestra para alunos de p\u00f3s-gradua\u00e7\u00e3o"},"content":{"rendered":"\n<p><br><br>O programa de mestrado e doutorado em Direito Negocial deu in\u00edcio \u00e0s atividades do semestre com a palestra \u201cEspa\u00e7os Mar\u00edtimos e Governan\u00e7a Internacional\u201d, ministrada pelo Contra-Almirante da Reserva da Marinha do Brasil Marcos Louren\u00e7o de Almeida. O evento contou com a presen\u00e7a de diversos alunos e foi uma oportunidade enriquecedora para aprofundamento em temas estrat\u00e9gicos e geopol\u00edticos.<br><br>Com uma carreira s\u00f3lida e vasta experi\u00eancia nacional e internacional, o Contra-Almirante Marcos Louren\u00e7o \u00e9 graduado em Ci\u00eancias Navais pela Escola Naval (1984), possui mestrado e doutorado em Ci\u00eancias Navais pela Escola de Guerra Naval e especializa\u00e7\u00e3o em Rela\u00e7\u00f5es Internacionais pela Universidade de Bras\u00edlia (UnB). Sua trajet\u00f3ria inclui atua\u00e7\u00f5es relevantes em comit\u00eas da Comiss\u00e3o Interministerial para os Recursos do Mar, no Conselho Nacional do Meio Ambiente (CONAMA) e no Conselho de Gest\u00e3o do Patrim\u00f4nio Gen\u00e9tico (CGEN), representando, respectivamente, a Marinha e o Minist\u00e9rio da Defesa.<br><br>Durante sua palestra, o oficial abordou os desafios contempor\u00e2neos da governan\u00e7a dos espa\u00e7os mar\u00edtimos, com \u00eanfase no Poder Mar\u00edtimo, Direito do Mar e nas din\u00e2micas multilaterais de regula\u00e7\u00e3o internacional, pautando reflex\u00f5es sobre a import\u00e2ncia da soberania, coopera\u00e7\u00e3o internacional e sustentabilidade dos oceanos.<br><br>Destaca-se ainda sua atua\u00e7\u00e3o como assessor na Miss\u00e3o Permanente do Brasil junto \u00e0s Na\u00e7\u00f5es Unidas, em Nova York, entre 2003 e 2005, quando coordenou as resolu\u00e7\u00f5es sobre Oceanos e Direito do Mar (Omnibus) nas 59\u00aa e 60\u00aa Assembleias-Gerais da ONU. Tamb\u00e9m ocupou cargos como Chefe da Oceanografia e Imediato do Navio Oceanogr\u00e1fico ANTARES, Comandante do Navio Hidrogr\u00e1fico ARGUS, Diretor do Centro de Hidrografia da Marinha e Diretor do Instituto de Estudos do Mar Almirante Paulo Moreira.<br><br>Atualmente, \u00e9 Vice-Presidente da Associa\u00e7\u00e3o Internacional para Aux\u00edlios \u00e0 Navega\u00e7\u00e3o Marinha (IALA), na Fran\u00e7a, coordenador de \u00e1rea do Centro de Estudos Pol\u00edtico-Estrat\u00e9gicos da Marinha (CEPE-MB), al\u00e9m de s\u00f3cio fundador da Oceani Fraternitatem Consultoria do Mar.<br><br>A institui\u00e7\u00e3o agradece ao palestrante pela generosa contribui\u00e7\u00e3o e deseja aos novos alunos um semestre prof\u00edcuo, pautado pelo pensamento cr\u00edtico e pela excel\u00eancia acad\u00eamica.<\/p>\n\n\n\n<figure class=\"wp-block-gallery has-nested-images columns-default is-cropped wp-block-gallery-1 is-layout-flex wp-block-gallery-is-layout-flex\">\n<figure class=\"wp-block-image size-large\"><img loading=\"lazy\" decoding=\"async\" width=\"768\" height=\"1024\" data-id=\"2397\" src=\"https:\/\/pos.uel.br\/direito-negocial\/wp-content\/uploads\/2025\/08\/WhatsApp-Image-2025-08-01-at-12.12.55-768x1024.jpeg\" alt=\"\" class=\"wp-image-2397\" srcset=\"https:\/\/pos.uel.br\/direito-negocial\/wp-content\/uploads\/2025\/08\/WhatsApp-Image-2025-08-01-at-12.12.55-768x1024.jpeg 768w, https:\/\/pos.uel.br\/direito-negocial\/wp-content\/uploads\/2025\/08\/WhatsApp-Image-2025-08-01-at-12.12.55-225x300.jpeg 225w, https:\/\/pos.uel.br\/direito-negocial\/wp-content\/uploads\/2025\/08\/WhatsApp-Image-2025-08-01-at-12.12.55-1152x1536.jpeg 1152w, https:\/\/pos.uel.br\/direito-negocial\/wp-content\/uploads\/2025\/08\/WhatsApp-Image-2025-08-01-at-12.12.55.jpeg 1200w\" sizes=\"auto, (max-width: 768px) 100vw, 768px\" \/><\/figure>\n<\/figure>\n","protected":false},"excerpt":{"rendered":"<p>O evento contou com a presen\u00e7a de diversos alunos e foi uma oportunidade enriquecedora para aprofundamento em temas estrat\u00e9gicos e geopol\u00edticos.<\/p>\n","protected":false},"author":16,"featured_media":2397,"comment_status":"open","ping_status":"open","sticky":false,"template":"","format":"standard","meta":{"_acf_changed":false,"footnotes":""},"categories":[31,12,18],"tags":[],"class_list":["post-2899","post","type-post","status-publish","format-standard","has-post-thumbnail","hentry","category-aulas","category-noticias-ppgdn","category-registros"],"acf":[],"_links":{"self":[{"href":"https:\/\/pos.uel.br\/direito-negocial\/wp-json\/wp\/v2\/posts\/2899","targetHints":{"allow":["GET"]}}],"collection":[{"href":"https:\/\/pos.uel.br\/direito-negocial\/wp-json\/wp\/v2\/posts"}],"about":[{"href":"https:\/\/pos.uel.br\/direito-negocial\/wp-json\/wp\/v2\/types\/post"}],"author":[{"embeddable":true,"href":"https:\/\/pos.uel.br\/direito-negocial\/wp-json\/wp\/v2\/users\/16"}],"replies":[{"embeddable":true,"href":"https:\/\/pos.uel.br\/direito-negocial\/wp-json\/wp\/v2\/comments?post=2899"}],"version-history":[{"count":1,"href":"https:\/\/pos.uel.br\/direito-negocial\/wp-json\/wp\/v2\/posts\/2899\/revisions"}],"predecessor-version":[{"id":2900,"href":"https:\/\/pos.uel.br\/direito-negocial\/wp-json\/wp\/v2\/posts\/2899\/revisions\/2900"}],"wp:featuredmedia":[{"embeddable":true,"href":"https:\/\/pos.uel.br\/direito-negocial\/wp-json\/wp\/v2\/media\/2397"}],"wp:attachment":[{"href":"https:\/\/pos.uel.br\/direito-negocial\/wp-json\/wp\/v2\/media?parent=2899"}],"wp:term":[{"taxonomy":"category","embeddable":true,"href":"https:\/\/pos.uel.br\/direito-negocial\/wp-json\/wp\/v2\/categories?post=2899"},{"taxonomy":"post_tag","embeddable":true,"href":"https:\/\/pos.uel.br\/direito-negocial\/wp-json\/wp\/v2\/tags?post=2899"}],"curies":[{"name":"wp","href":"https:\/\/api.w.org\/{rel}","templated":true}]}}