{"id":2896,"date":"2025-08-11T22:00:00","date_gmt":"2025-08-12T01:00:00","guid":{"rendered":"https:\/\/pos.uel.br\/direito-negocial\/?p=2896"},"modified":"2025-08-28T19:09:12","modified_gmt":"2025-08-28T22:09:12","slug":"programa-de-pos-graduacao-em-direito-negocial-indica-egressos-para-homenagem-nos-55-anos-da-uel","status":"publish","type":"post","link":"https:\/\/pos.uel.br\/direito-negocial\/sem-categoria\/2025\/08\/11\/programa-de-pos-graduacao-em-direito-negocial-indica-egressos-para-homenagem-nos-55-anos-da-uel\/","title":{"rendered":"Programa de P\u00f3s-Gradua\u00e7\u00e3o em Direito Negocial indica egressos para homenagem nos 55 anos da UEL"},"content":{"rendered":"\n<p>Na noite de 11 de agosto de 2025, Dia do Advogado, a Universidade Estadual de Londrina, em comemora\u00e7\u00e3o aos seus 55 anos, realizou um evento especial em homenagem a egressos da Gradua\u00e7\u00e3o e dos Programas de P\u00f3s-Gradua\u00e7\u00e3o stricto sensu da institui\u00e7\u00e3o, reunindo graduados, mestres e doutores formados em diversas \u00e1reas do conhecimento.<\/p>\n\n\n\n<p>O Programa de P\u00f3s-Gradua\u00e7\u00e3o em Direito Negocial indicou para esta distin\u00e7\u00e3o o professor Luiz Fernando Bellinetti, egresso do Mestrado em Direito da UEL, e Adyr Garcia Ferreira Netto, primeiro doutor do Programa de Doutorado em Direito. As homenagens destacaram a relev\u00e2ncia acad\u00eamica e profissional de suas trajet\u00f3rias, que seguem inspirando novas gera\u00e7\u00f5es de pesquisadores e fortalecendo o papel da UEL na produ\u00e7\u00e3o cient\u00edfica nacional.<\/p>\n\n\n\n<p>O encontro refor\u00e7ou o compromisso do Programa de P\u00f3s-Gradua\u00e7\u00e3o em Direito Negocial com a excel\u00eancia acad\u00eamica e a valoriza\u00e7\u00e3o de seus egressos, que continuam a contribuir de forma significativa para o desenvolvimento cient\u00edfico e social.<\/p>\n\n\n\n<figure class=\"wp-block-gallery has-nested-images columns-default is-cropped wp-block-gallery-1 is-layout-flex wp-block-gallery-is-layout-flex\">\n<figure class=\"wp-block-image size-large\"><img loading=\"lazy\" decoding=\"async\" width=\"1024\" height=\"768\" data-id=\"2461\" src=\"https:\/\/pos.uel.br\/direito-negocial\/wp-content\/uploads\/2025\/08\/WhatsApp-Image-2025-08-12-at-08.10.02-1024x768.jpeg\" alt=\"\" class=\"wp-image-2461\" srcset=\"https:\/\/pos.uel.br\/direito-negocial\/wp-content\/uploads\/2025\/08\/WhatsApp-Image-2025-08-12-at-08.10.02-1024x768.jpeg 1024w, https:\/\/pos.uel.br\/direito-negocial\/wp-content\/uploads\/2025\/08\/WhatsApp-Image-2025-08-12-at-08.10.02-300x225.jpeg 300w, https:\/\/pos.uel.br\/direito-negocial\/wp-content\/uploads\/2025\/08\/WhatsApp-Image-2025-08-12-at-08.10.02-768x576.jpeg 768w, https:\/\/pos.uel.br\/direito-negocial\/wp-content\/uploads\/2025\/08\/WhatsApp-Image-2025-08-12-at-08.10.02.jpeg 1280w\" sizes=\"auto, (max-width: 1024px) 100vw, 1024px\" \/><\/figure>\n\n\n\n<figure class=\"wp-block-image size-large\"><img loading=\"lazy\" decoding=\"async\" width=\"1024\" height=\"768\" data-id=\"2460\" src=\"https:\/\/pos.uel.br\/direito-negocial\/wp-content\/uploads\/2025\/08\/WhatsApp-Image-2025-08-12-at-08.10.03-1-1024x768.jpeg\" alt=\"\" class=\"wp-image-2460\" srcset=\"https:\/\/pos.uel.br\/direito-negocial\/wp-content\/uploads\/2025\/08\/WhatsApp-Image-2025-08-12-at-08.10.03-1-1024x768.jpeg 1024w, https:\/\/pos.uel.br\/direito-negocial\/wp-content\/uploads\/2025\/08\/WhatsApp-Image-2025-08-12-at-08.10.03-1-300x225.jpeg 300w, https:\/\/pos.uel.br\/direito-negocial\/wp-content\/uploads\/2025\/08\/WhatsApp-Image-2025-08-12-at-08.10.03-1-768x576.jpeg 768w, https:\/\/pos.uel.br\/direito-negocial\/wp-content\/uploads\/2025\/08\/WhatsApp-Image-2025-08-12-at-08.10.03-1.jpeg 1280w\" sizes=\"auto, (max-width: 1024px) 100vw, 1024px\" \/><\/figure>\n<\/figure>\n","protected":false},"excerpt":{"rendered":"<p>O Programa de P\u00f3s-Gradua\u00e7\u00e3o em Direito Negocial indicou para esta distin\u00e7\u00e3o o professor Luiz Fernando Bellinetti, egresso do Mestrado em Direito da UEL, e Adyr Garcia Ferreira Netto, primeiro doutor do Programa de Doutorado em Direito. <\/p>\n","protected":false},"author":16,"featured_media":2460,"comment_status":"open","ping_status":"open","sticky":false,"template":"","format":"standard","meta":{"_acf_changed":false,"footnotes":""},"categories":[1],"tags":[],"class_list":["post-2896","post","type-post","status-publish","format-standard","has-post-thumbnail","hentry","category-sem-categoria"],"acf":[],"_links":{"self":[{"href":"https:\/\/pos.uel.br\/direito-negocial\/wp-json\/wp\/v2\/posts\/2896","targetHints":{"allow":["GET"]}}],"collection":[{"href":"https:\/\/pos.uel.br\/direito-negocial\/wp-json\/wp\/v2\/posts"}],"about":[{"href":"https:\/\/pos.uel.br\/direito-negocial\/wp-json\/wp\/v2\/types\/post"}],"author":[{"embeddable":true,"href":"https:\/\/pos.uel.br\/direito-negocial\/wp-json\/wp\/v2\/users\/16"}],"replies":[{"embeddable":true,"href":"https:\/\/pos.uel.br\/direito-negocial\/wp-json\/wp\/v2\/comments?post=2896"}],"version-history":[{"count":1,"href":"https:\/\/pos.uel.br\/direito-negocial\/wp-json\/wp\/v2\/posts\/2896\/revisions"}],"predecessor-version":[{"id":2897,"href":"https:\/\/pos.uel.br\/direito-negocial\/wp-json\/wp\/v2\/posts\/2896\/revisions\/2897"}],"wp:featuredmedia":[{"embeddable":true,"href":"https:\/\/pos.uel.br\/direito-negocial\/wp-json\/wp\/v2\/media\/2460"}],"wp:attachment":[{"href":"https:\/\/pos.uel.br\/direito-negocial\/wp-json\/wp\/v2\/media?parent=2896"}],"wp:term":[{"taxonomy":"category","embeddable":true,"href":"https:\/\/pos.uel.br\/direito-negocial\/wp-json\/wp\/v2\/categories?post=2896"},{"taxonomy":"post_tag","embeddable":true,"href":"https:\/\/pos.uel.br\/direito-negocial\/wp-json\/wp\/v2\/tags?post=2896"}],"curies":[{"name":"wp","href":"https:\/\/api.w.org\/{rel}","templated":true}]}}