{"id":2894,"date":"2025-07-31T19:00:00","date_gmt":"2025-07-31T22:00:00","guid":{"rendered":"https:\/\/pos.uel.br\/direito-negocial\/?p=2894"},"modified":"2025-08-28T19:05:32","modified_gmt":"2025-08-28T22:05:32","slug":"professora-daniela-paiano-palestra-no-ibdfam-pr-e-realiza-pre-lancamento-de-obra-sobre-contratualizacao-das-relacoes-familiares-e-sucessorias","status":"publish","type":"post","link":"https:\/\/pos.uel.br\/direito-negocial\/noticias-ppgdn\/2025\/07\/31\/professora-daniela-paiano-palestra-no-ibdfam-pr-e-realiza-pre-lancamento-de-obra-sobre-contratualizacao-das-relacoes-familiares-e-sucessorias\/","title":{"rendered":"Professora Daniela Paiano palestra no IBDFAM-PR e realiza pr\u00e9-lan\u00e7amento de obra sobre \u201cContratualiza\u00e7\u00e3o das Rela\u00e7\u00f5es Familiares e Sucess\u00f3rias\u201d"},"content":{"rendered":"\n<p>No dia 31 de julho, a Professora Daniela Braga Paiano, docente do Programa de P\u00f3s-Gradua\u00e7\u00e3o em Direito Negocial da Universidade Estadual de Londrina (UEL), participou como palestrante do Caf\u00e9 da Manh\u00e3 do Instituto Brasileiro de Direito de Fam\u00edlia \u2013 Se\u00e7\u00e3o Paran\u00e1 (IBDFAM-PR), evento realizado no Oveipo Caf\u00e9, em Londrina. A atividade reuniu profissionais, estudantes e pesquisadores para discutir o tema <strong>\u201cContratualiza\u00e7\u00e3o das Rela\u00e7\u00f5es Familiares e Sucess\u00f3rias\u201d<\/strong>, assunto de crescente relev\u00e2ncia no cen\u00e1rio jur\u00eddico contempor\u00e2neo.<\/p>\n\n\n\n<p>A palestra integrou-se a um momento especial: o <strong>pr\u00e9-lan\u00e7amento da obra coletiva \u201cContratualiza\u00e7\u00e3o das Rela\u00e7\u00f5es Familiares e Sucess\u00f3rias\u201d<\/strong>, coordenada pela pr\u00f3pria Prof.\u00aa Daniela Braga Paiano, ao lado da Prof.\u00aa Rita de C\u00e1ssia Resquetti Tarifa Espolador, com organiza\u00e7\u00e3o de Matheus Filipe de Queiroz, publicada pela Editora Foco. O livro re\u00fane reflex\u00f5es e estudos que alinham o Direito Contratual \u00e0s transforma\u00e7\u00f5es sociais, econ\u00f4micas e culturais que t\u00eam impactado as estruturas familiares e sucess\u00f3rias nas \u00faltimas d\u00e9cadas.<\/p>\n\n\n\n<p>A obra \u00e9 resultado do Projeto de Pesquisa \u201cContratualiza\u00e7\u00e3o das Rela\u00e7\u00f5es Familiares e das Rela\u00e7\u00f5es Sucess\u00f3rias\u201d, desenvolvido na UEL com a participa\u00e7\u00e3o de docentes, discentes e pesquisadores vinculados ao Programa de Mestrado e Doutorado em Direito Negocial. O conte\u00fado aborda temas como a formaliza\u00e7\u00e3o de arranjos familiares, cl\u00e1usulas patrimoniais e extrapatrimoniais, autonomia privada e novos modelos de conviv\u00eancia, oferecendo ao leitor uma an\u00e1lise cr\u00edtica e fundamentada sobre o papel dos contratos no \u00e2mbito familiar e sucess\u00f3rio.<\/p>\n\n\n\n<p>Durante o encontro, a professora destacou a import\u00e2ncia do debate acad\u00eamico para a compreens\u00e3o e aplica\u00e7\u00e3o pr\u00e1tica da contratualiza\u00e7\u00e3o no Direito de Fam\u00edlia, ressaltando como a pesquisa universit\u00e1ria pode contribuir para solu\u00e7\u00f5es mais seguras e eficazes na preven\u00e7\u00e3o e resolu\u00e7\u00e3o de conflitos.<\/p>\n\n\n\n<p>O evento evidenciou o compromisso da UEL com a produ\u00e7\u00e3o cient\u00edfica de qualidade e sua inser\u00e7\u00e3o nos debates jur\u00eddicos nacionais, fortalecendo a ponte entre a academia e a pr\u00e1tica profissional.<\/p>\n\n\n\n<figure class=\"wp-block-gallery has-nested-images columns-default is-cropped wp-block-gallery-1 is-layout-flex wp-block-gallery-is-layout-flex\">\n<figure class=\"wp-block-image size-large\"><img loading=\"lazy\" decoding=\"async\" width=\"1024\" height=\"576\" data-id=\"2530\" src=\"https:\/\/pos.uel.br\/direito-negocial\/wp-content\/uploads\/2025\/08\/Imagem-do-WhatsApp-de-2025-08-07-as-14.33.21_d9367997-1024x576.jpg\" alt=\"\" class=\"wp-image-2530\" srcset=\"https:\/\/pos.uel.br\/direito-negocial\/wp-content\/uploads\/2025\/08\/Imagem-do-WhatsApp-de-2025-08-07-as-14.33.21_d9367997-1024x576.jpg 1024w, https:\/\/pos.uel.br\/direito-negocial\/wp-content\/uploads\/2025\/08\/Imagem-do-WhatsApp-de-2025-08-07-as-14.33.21_d9367997-300x169.jpg 300w, https:\/\/pos.uel.br\/direito-negocial\/wp-content\/uploads\/2025\/08\/Imagem-do-WhatsApp-de-2025-08-07-as-14.33.21_d9367997-768x432.jpg 768w, https:\/\/pos.uel.br\/direito-negocial\/wp-content\/uploads\/2025\/08\/Imagem-do-WhatsApp-de-2025-08-07-as-14.33.21_d9367997-1536x864.jpg 1536w, https:\/\/pos.uel.br\/direito-negocial\/wp-content\/uploads\/2025\/08\/Imagem-do-WhatsApp-de-2025-08-07-as-14.33.21_d9367997.jpg 1600w\" sizes=\"auto, (max-width: 1024px) 100vw, 1024px\" \/><\/figure>\n\n\n\n<figure class=\"wp-block-image size-large\"><img loading=\"lazy\" decoding=\"async\" width=\"768\" height=\"1024\" data-id=\"2529\" src=\"https:\/\/pos.uel.br\/direito-negocial\/wp-content\/uploads\/2025\/08\/Imagem-do-WhatsApp-de-2025-08-07-as-14.33.21_6318f88d-768x1024.jpg\" alt=\"\" class=\"wp-image-2529\" srcset=\"https:\/\/pos.uel.br\/direito-negocial\/wp-content\/uploads\/2025\/08\/Imagem-do-WhatsApp-de-2025-08-07-as-14.33.21_6318f88d-768x1024.jpg 768w, https:\/\/pos.uel.br\/direito-negocial\/wp-content\/uploads\/2025\/08\/Imagem-do-WhatsApp-de-2025-08-07-as-14.33.21_6318f88d-225x300.jpg 225w, https:\/\/pos.uel.br\/direito-negocial\/wp-content\/uploads\/2025\/08\/Imagem-do-WhatsApp-de-2025-08-07-as-14.33.21_6318f88d-1152x1536.jpg 1152w, https:\/\/pos.uel.br\/direito-negocial\/wp-content\/uploads\/2025\/08\/Imagem-do-WhatsApp-de-2025-08-07-as-14.33.21_6318f88d.jpg 1200w\" sizes=\"auto, (max-width: 768px) 100vw, 768px\" \/><\/figure>\n\n\n\n<figure class=\"wp-block-image size-large\"><img loading=\"lazy\" decoding=\"async\" width=\"768\" height=\"1024\" data-id=\"2528\" src=\"https:\/\/pos.uel.br\/direito-negocial\/wp-content\/uploads\/2025\/08\/Imagem-do-WhatsApp-de-2025-08-07-as-14.33.21_cadd8b38-768x1024.jpg\" alt=\"\" class=\"wp-image-2528\" srcset=\"https:\/\/pos.uel.br\/direito-negocial\/wp-content\/uploads\/2025\/08\/Imagem-do-WhatsApp-de-2025-08-07-as-14.33.21_cadd8b38-768x1024.jpg 768w, https:\/\/pos.uel.br\/direito-negocial\/wp-content\/uploads\/2025\/08\/Imagem-do-WhatsApp-de-2025-08-07-as-14.33.21_cadd8b38-225x300.jpg 225w, https:\/\/pos.uel.br\/direito-negocial\/wp-content\/uploads\/2025\/08\/Imagem-do-WhatsApp-de-2025-08-07-as-14.33.21_cadd8b38-1152x1536.jpg 1152w, https:\/\/pos.uel.br\/direito-negocial\/wp-content\/uploads\/2025\/08\/Imagem-do-WhatsApp-de-2025-08-07-as-14.33.21_cadd8b38.jpg 1200w\" sizes=\"auto, (max-width: 768px) 100vw, 768px\" \/><\/figure>\n\n\n\n<figure class=\"wp-block-image size-large\"><img loading=\"lazy\" decoding=\"async\" width=\"768\" height=\"1024\" data-id=\"2527\" src=\"https:\/\/pos.uel.br\/direito-negocial\/wp-content\/uploads\/2025\/08\/Imagem-do-WhatsApp-de-2025-08-07-as-14.33.22_3d2c10b1-1-768x1024.jpg\" alt=\"\" class=\"wp-image-2527\" srcset=\"https:\/\/pos.uel.br\/direito-negocial\/wp-content\/uploads\/2025\/08\/Imagem-do-WhatsApp-de-2025-08-07-as-14.33.22_3d2c10b1-1-768x1024.jpg 768w, https:\/\/pos.uel.br\/direito-negocial\/wp-content\/uploads\/2025\/08\/Imagem-do-WhatsApp-de-2025-08-07-as-14.33.22_3d2c10b1-1-225x300.jpg 225w, https:\/\/pos.uel.br\/direito-negocial\/wp-content\/uploads\/2025\/08\/Imagem-do-WhatsApp-de-2025-08-07-as-14.33.22_3d2c10b1-1-1152x1536.jpg 1152w, https:\/\/pos.uel.br\/direito-negocial\/wp-content\/uploads\/2025\/08\/Imagem-do-WhatsApp-de-2025-08-07-as-14.33.22_3d2c10b1-1.jpg 1200w\" sizes=\"auto, (max-width: 768px) 100vw, 768px\" \/><\/figure>\n\n\n\n<figure class=\"wp-block-image size-large\"><img loading=\"lazy\" decoding=\"async\" width=\"768\" height=\"1024\" data-id=\"2526\" src=\"https:\/\/pos.uel.br\/direito-negocial\/wp-content\/uploads\/2025\/08\/Imagem-do-WhatsApp-de-2025-08-07-as-14.33.22_7e0c6f91-768x1024.jpg\" alt=\"\" class=\"wp-image-2526\" srcset=\"https:\/\/pos.uel.br\/direito-negocial\/wp-content\/uploads\/2025\/08\/Imagem-do-WhatsApp-de-2025-08-07-as-14.33.22_7e0c6f91-768x1024.jpg 768w, https:\/\/pos.uel.br\/direito-negocial\/wp-content\/uploads\/2025\/08\/Imagem-do-WhatsApp-de-2025-08-07-as-14.33.22_7e0c6f91-225x300.jpg 225w, https:\/\/pos.uel.br\/direito-negocial\/wp-content\/uploads\/2025\/08\/Imagem-do-WhatsApp-de-2025-08-07-as-14.33.22_7e0c6f91-1152x1536.jpg 1152w, https:\/\/pos.uel.br\/direito-negocial\/wp-content\/uploads\/2025\/08\/Imagem-do-WhatsApp-de-2025-08-07-as-14.33.22_7e0c6f91.jpg 1200w\" sizes=\"auto, (max-width: 768px) 100vw, 768px\" \/><\/figure>\n\n\n\n<figure class=\"wp-block-image size-large\"><img loading=\"lazy\" decoding=\"async\" width=\"768\" height=\"1024\" data-id=\"2525\" src=\"https:\/\/pos.uel.br\/direito-negocial\/wp-content\/uploads\/2025\/08\/Imagem-do-WhatsApp-de-2025-08-07-as-14.33.22_3d2c10b1-768x1024.jpg\" alt=\"\" class=\"wp-image-2525\" srcset=\"https:\/\/pos.uel.br\/direito-negocial\/wp-content\/uploads\/2025\/08\/Imagem-do-WhatsApp-de-2025-08-07-as-14.33.22_3d2c10b1-768x1024.jpg 768w, https:\/\/pos.uel.br\/direito-negocial\/wp-content\/uploads\/2025\/08\/Imagem-do-WhatsApp-de-2025-08-07-as-14.33.22_3d2c10b1-225x300.jpg 225w, https:\/\/pos.uel.br\/direito-negocial\/wp-content\/uploads\/2025\/08\/Imagem-do-WhatsApp-de-2025-08-07-as-14.33.22_3d2c10b1-1152x1536.jpg 1152w, https:\/\/pos.uel.br\/direito-negocial\/wp-content\/uploads\/2025\/08\/Imagem-do-WhatsApp-de-2025-08-07-as-14.33.22_3d2c10b1.jpg 1200w\" sizes=\"auto, (max-width: 768px) 100vw, 768px\" \/><\/figure>\n<\/figure>\n","protected":false},"excerpt":{"rendered":"<p>A obra \u00e9 resultado do Projeto de Pesquisa \u201cContratualiza\u00e7\u00e3o das Rela\u00e7\u00f5es Familiares e das Rela\u00e7\u00f5es Sucess\u00f3rias\u201d, desenvolvido na UEL com a participa\u00e7\u00e3o de docentes, discentes e pesquisadores vinculados ao Programa de Mestrado e Doutorado em Direito Negocial. <\/p>\n","protected":false},"author":16,"featured_media":2530,"comment_status":"open","ping_status":"open","sticky":false,"template":"","format":"standard","meta":{"_acf_changed":false,"footnotes":""},"categories":[28,30,19,12],"tags":[],"class_list":["post-2894","post","type-post","status-publish","format-standard","has-post-thumbnail","hentry","category-destaque-discente","category-eventos","category-lancamentos","category-noticias-ppgdn"],"acf":[],"_links":{"self":[{"href":"https:\/\/pos.uel.br\/direito-negocial\/wp-json\/wp\/v2\/posts\/2894","targetHints":{"allow":["GET"]}}],"collection":[{"href":"https:\/\/pos.uel.br\/direito-negocial\/wp-json\/wp\/v2\/posts"}],"about":[{"href":"https:\/\/pos.uel.br\/direito-negocial\/wp-json\/wp\/v2\/types\/post"}],"author":[{"embeddable":true,"href":"https:\/\/pos.uel.br\/direito-negocial\/wp-json\/wp\/v2\/users\/16"}],"replies":[{"embeddable":true,"href":"https:\/\/pos.uel.br\/direito-negocial\/wp-json\/wp\/v2\/comments?post=2894"}],"version-history":[{"count":1,"href":"https:\/\/pos.uel.br\/direito-negocial\/wp-json\/wp\/v2\/posts\/2894\/revisions"}],"predecessor-version":[{"id":2895,"href":"https:\/\/pos.uel.br\/direito-negocial\/wp-json\/wp\/v2\/posts\/2894\/revisions\/2895"}],"wp:featuredmedia":[{"embeddable":true,"href":"https:\/\/pos.uel.br\/direito-negocial\/wp-json\/wp\/v2\/media\/2530"}],"wp:attachment":[{"href":"https:\/\/pos.uel.br\/direito-negocial\/wp-json\/wp\/v2\/media?parent=2894"}],"wp:term":[{"taxonomy":"category","embeddable":true,"href":"https:\/\/pos.uel.br\/direito-negocial\/wp-json\/wp\/v2\/categories?post=2894"},{"taxonomy":"post_tag","embeddable":true,"href":"https:\/\/pos.uel.br\/direito-negocial\/wp-json\/wp\/v2\/tags?post=2894"}],"curies":[{"name":"wp","href":"https:\/\/api.w.org\/{rel}","templated":true}]}}