{"id":2892,"date":"2025-08-14T18:00:00","date_gmt":"2025-08-14T21:00:00","guid":{"rendered":"https:\/\/pos.uel.br\/direito-negocial\/?p=2892"},"modified":"2025-08-28T19:02:01","modified_gmt":"2025-08-28T22:02:01","slug":"programa-de-pos-graduacao-em-direito-negocial-da-uel-recebe-visita-de-professor-da-ufpb-para-o-fortalecimento-de-cooperacao-academica","status":"publish","type":"post","link":"https:\/\/pos.uel.br\/direito-negocial\/noticias-ppgdn\/2025\/08\/14\/programa-de-pos-graduacao-em-direito-negocial-da-uel-recebe-visita-de-professor-da-ufpb-para-o-fortalecimento-de-cooperacao-academica\/","title":{"rendered":"Programa de P\u00f3s-Gradua\u00e7\u00e3o em Direito Negocial da UEL recebe visita de professor da UFPB para o fortalecimento de coopera\u00e7\u00e3o acad\u00eamica"},"content":{"rendered":"\n<p>No dia 14 de agosto de 2025, o Programa de Mestrado e Doutorado em Direito Negocial da Universidade Estadual de Londrina (PPGDN\/UEL) recebeu a visita do Professor Dr. Newton de Oliveira, vinculado ao Programa de P\u00f3s-Gradua\u00e7\u00e3o do Centro de Ci\u00eancias Jur\u00eddicas da Universidade Federal da Para\u00edba (UFPB).<\/p>\n\n\n\n<p>Durante o encontro, o professor apresentou uma proposta de coopera\u00e7\u00e3o acad\u00eamica e cient\u00edfica entre os dois Programas de P\u00f3s-Gradua\u00e7\u00e3o, medida fortemente recomendada pela CAPES como forma de incentivo \u00e0 integra\u00e7\u00e3o entre as institui\u00e7\u00f5es e o fortalecimento da produ\u00e7\u00e3o cient\u00edfica nacional.<\/p>\n\n\n\n<p>Na ocasi\u00e3o, o professor visitante presenteou o PPGDN com exemplares de livros, gesto que simboliza a aproxima\u00e7\u00e3o entre os Programas e o compromisso com a difus\u00e3o do conhecimento.<\/p>\n\n\n\n<p>A iniciativa representa um passo importante para a consolida\u00e7\u00e3o de parcerias institucionais e para a amplia\u00e7\u00e3o do di\u00e1logo cient\u00edfico, reafirmando o papel do PPGDN como centro de excel\u00eancia na pesquisa em Direito.<\/p>\n\n\n\n<figure class=\"wp-block-gallery has-nested-images columns-default is-cropped wp-block-gallery-1 is-layout-flex wp-block-gallery-is-layout-flex\">\n<figure class=\"wp-block-image size-large\"><img loading=\"lazy\" decoding=\"async\" width=\"1024\" height=\"1024\" data-id=\"2567\" src=\"https:\/\/pos.uel.br\/direito-negocial\/wp-content\/uploads\/2025\/08\/WhatsApp-Image-2025-08-18-at-08.57.30-1-edited-1024x1024.jpeg\" alt=\"\" class=\"wp-image-2567\" srcset=\"https:\/\/pos.uel.br\/direito-negocial\/wp-content\/uploads\/2025\/08\/WhatsApp-Image-2025-08-18-at-08.57.30-1-edited-1024x1024.jpeg 1024w, https:\/\/pos.uel.br\/direito-negocial\/wp-content\/uploads\/2025\/08\/WhatsApp-Image-2025-08-18-at-08.57.30-1-edited-300x300.jpeg 300w, https:\/\/pos.uel.br\/direito-negocial\/wp-content\/uploads\/2025\/08\/WhatsApp-Image-2025-08-18-at-08.57.30-1-edited-150x150.jpeg 150w, https:\/\/pos.uel.br\/direito-negocial\/wp-content\/uploads\/2025\/08\/WhatsApp-Image-2025-08-18-at-08.57.30-1-edited-768x768.jpeg 768w, https:\/\/pos.uel.br\/direito-negocial\/wp-content\/uploads\/2025\/08\/WhatsApp-Image-2025-08-18-at-08.57.30-1-edited.jpeg 1200w\" sizes=\"auto, (max-width: 1024px) 100vw, 1024px\" \/><\/figure>\n\n\n\n<figure class=\"wp-block-image size-large\"><img loading=\"lazy\" decoding=\"async\" width=\"900\" height=\"900\" data-id=\"2566\" src=\"https:\/\/pos.uel.br\/direito-negocial\/wp-content\/uploads\/2025\/08\/WhatsApp-Image-2025-08-18-at-08.57.31-1-edited.jpeg\" alt=\"\" class=\"wp-image-2566\" srcset=\"https:\/\/pos.uel.br\/direito-negocial\/wp-content\/uploads\/2025\/08\/WhatsApp-Image-2025-08-18-at-08.57.31-1-edited.jpeg 900w, https:\/\/pos.uel.br\/direito-negocial\/wp-content\/uploads\/2025\/08\/WhatsApp-Image-2025-08-18-at-08.57.31-1-edited-300x300.jpeg 300w, https:\/\/pos.uel.br\/direito-negocial\/wp-content\/uploads\/2025\/08\/WhatsApp-Image-2025-08-18-at-08.57.31-1-edited-150x150.jpeg 150w, https:\/\/pos.uel.br\/direito-negocial\/wp-content\/uploads\/2025\/08\/WhatsApp-Image-2025-08-18-at-08.57.31-1-edited-768x768.jpeg 768w\" sizes=\"auto, (max-width: 900px) 100vw, 900px\" \/><\/figure>\n<\/figure>\n","protected":false},"excerpt":{"rendered":"<p>O Programa de Mestrado e Doutorado em Direito Negocial da Universidade Estadual de Londrina (PPGDN\/UEL) recebeu a visita do Professor Dr. Newton de Oliveira, vinculado ao Programa de P\u00f3s-Gradua\u00e7\u00e3o do Centro de Ci\u00eancias Jur\u00eddicas da Universidade Federal da Para\u00edba (UFPB).<\/p>\n","protected":false},"author":16,"featured_media":2545,"comment_status":"open","ping_status":"open","sticky":false,"template":"","format":"standard","meta":{"_acf_changed":false,"footnotes":""},"categories":[28,12,18],"tags":[],"class_list":["post-2892","post","type-post","status-publish","format-standard","has-post-thumbnail","hentry","category-destaque-discente","category-noticias-ppgdn","category-registros"],"acf":[],"_links":{"self":[{"href":"https:\/\/pos.uel.br\/direito-negocial\/wp-json\/wp\/v2\/posts\/2892","targetHints":{"allow":["GET"]}}],"collection":[{"href":"https:\/\/pos.uel.br\/direito-negocial\/wp-json\/wp\/v2\/posts"}],"about":[{"href":"https:\/\/pos.uel.br\/direito-negocial\/wp-json\/wp\/v2\/types\/post"}],"author":[{"embeddable":true,"href":"https:\/\/pos.uel.br\/direito-negocial\/wp-json\/wp\/v2\/users\/16"}],"replies":[{"embeddable":true,"href":"https:\/\/pos.uel.br\/direito-negocial\/wp-json\/wp\/v2\/comments?post=2892"}],"version-history":[{"count":1,"href":"https:\/\/pos.uel.br\/direito-negocial\/wp-json\/wp\/v2\/posts\/2892\/revisions"}],"predecessor-version":[{"id":2893,"href":"https:\/\/pos.uel.br\/direito-negocial\/wp-json\/wp\/v2\/posts\/2892\/revisions\/2893"}],"wp:featuredmedia":[{"embeddable":true,"href":"https:\/\/pos.uel.br\/direito-negocial\/wp-json\/wp\/v2\/media\/2545"}],"wp:attachment":[{"href":"https:\/\/pos.uel.br\/direito-negocial\/wp-json\/wp\/v2\/media?parent=2892"}],"wp:term":[{"taxonomy":"category","embeddable":true,"href":"https:\/\/pos.uel.br\/direito-negocial\/wp-json\/wp\/v2\/categories?post=2892"},{"taxonomy":"post_tag","embeddable":true,"href":"https:\/\/pos.uel.br\/direito-negocial\/wp-json\/wp\/v2\/tags?post=2892"}],"curies":[{"name":"wp","href":"https:\/\/api.w.org\/{rel}","templated":true}]}}