{"id":2890,"date":"2025-08-15T18:00:00","date_gmt":"2025-08-15T21:00:00","guid":{"rendered":"https:\/\/pos.uel.br\/direito-negocial\/?p=2890"},"modified":"2025-08-28T18:49:34","modified_gmt":"2025-08-28T21:49:34","slug":"congresso-eleitoral-reune-especialistas-em-siqueira-campos-com-a-participacao-do-ppgdn-uel","status":"publish","type":"post","link":"https:\/\/pos.uel.br\/direito-negocial\/noticias-ppgdn\/2025\/08\/15\/congresso-eleitoral-reune-especialistas-em-siqueira-campos-com-a-participacao-do-ppgdn-uel\/","title":{"rendered":"Congresso Eleitoral re\u00fane especialistas em Siqueira Campos com a participa\u00e7\u00e3o do PPGDN\/UEL"},"content":{"rendered":"\n<p>Nos dias 14 e 15 de agosto de 2025, a cidade de Siqueira Campos sediou o 1\u00ba Congresso Eleitoral do Norte Pioneiro, evento que reuniu renomados especialistas e pesquisadores da \u00e1rea do Direito Eleitoral no Paran\u00e1.<\/p>\n\n\n\n<p>O Programa de P\u00f3s-Gradua\u00e7\u00e3o em Direito Negocial da Universidade Estadual de Londrina (PPGDN\/UEL) esteve representado pelo coordenador Professor Dr. Clodomiro Jos\u00e9 Bannwart, pelo Professor Dr. Elve Cenci e pelo doutorando Guilherme Giacomino.<\/p>\n\n\n\n<p>A organiza\u00e7\u00e3o do congresso ficou a cargo do egresso do PPGDN Dorival Assi Jr, que defendeu sua disserta\u00e7\u00e3o dia 13 de agosto de 2025, evidenciando a relev\u00e2ncia e a inser\u00e7\u00e3o social dos pesquisadores formados pela UEL.<\/p>\n\n\n\n<p>O evento contou ainda com a presen\u00e7a de importantes eleitoralistas do Estado, tendo sua abertura marcada pela participa\u00e7\u00e3o do Presidente do Tribunal Regional Eleitoral do Paran\u00e1, o que refor\u00e7ou o prest\u00edgio da iniciativa e a import\u00e2ncia da discuss\u00e3o sobre temas eleitorais no atual cen\u00e1rio democr\u00e1tico brasileiro.<\/p>\n\n\n\n<figure class=\"wp-block-gallery has-nested-images columns-default is-cropped wp-block-gallery-1 is-layout-flex wp-block-gallery-is-layout-flex\">\n<figure class=\"wp-block-image size-full\"><img loading=\"lazy\" decoding=\"async\" width=\"720\" height=\"1280\" data-id=\"2577\" src=\"https:\/\/pos.uel.br\/direito-negocial\/wp-content\/uploads\/2025\/08\/WhatsApp-Image-2025-08-18-at-10.37.10.jpeg\" alt=\"\" class=\"wp-image-2577\" srcset=\"https:\/\/pos.uel.br\/direito-negocial\/wp-content\/uploads\/2025\/08\/WhatsApp-Image-2025-08-18-at-10.37.10.jpeg 720w, https:\/\/pos.uel.br\/direito-negocial\/wp-content\/uploads\/2025\/08\/WhatsApp-Image-2025-08-18-at-10.37.10-169x300.jpeg 169w, https:\/\/pos.uel.br\/direito-negocial\/wp-content\/uploads\/2025\/08\/WhatsApp-Image-2025-08-18-at-10.37.10-576x1024.jpeg 576w\" sizes=\"auto, (max-width: 720px) 100vw, 720px\" \/><\/figure>\n<\/figure>\n","protected":false},"excerpt":{"rendered":"<p>O Programa de P\u00f3s-Gradua\u00e7\u00e3o em Direito Negocial da Universidade Estadual de Londrina (PPGDN\/UEL) esteve representado pelo coordenador Professor Dr. Clodomiro Jos\u00e9 Bannwart, pelo Professor Dr. Elve Cenci e pelo doutorando Guilherme Giacomino.<br \/>\nA organiza\u00e7\u00e3o do congresso ficou a cargo do egresso do PPGDN Dorival Assi Jr, que defendeu sua disserta\u00e7\u00e3o dia 13 de agosto de 2025, evidenciando a relev\u00e2ncia e a inser\u00e7\u00e3o social dos pesquisadores formados pela UEL.<\/p>\n","protected":false},"author":16,"featured_media":2577,"comment_status":"open","ping_status":"open","sticky":false,"template":"","format":"standard","meta":{"_acf_changed":false,"footnotes":""},"categories":[28,30,12],"tags":[],"class_list":["post-2890","post","type-post","status-publish","format-standard","has-post-thumbnail","hentry","category-destaque-discente","category-eventos","category-noticias-ppgdn"],"acf":[],"_links":{"self":[{"href":"https:\/\/pos.uel.br\/direito-negocial\/wp-json\/wp\/v2\/posts\/2890","targetHints":{"allow":["GET"]}}],"collection":[{"href":"https:\/\/pos.uel.br\/direito-negocial\/wp-json\/wp\/v2\/posts"}],"about":[{"href":"https:\/\/pos.uel.br\/direito-negocial\/wp-json\/wp\/v2\/types\/post"}],"author":[{"embeddable":true,"href":"https:\/\/pos.uel.br\/direito-negocial\/wp-json\/wp\/v2\/users\/16"}],"replies":[{"embeddable":true,"href":"https:\/\/pos.uel.br\/direito-negocial\/wp-json\/wp\/v2\/comments?post=2890"}],"version-history":[{"count":1,"href":"https:\/\/pos.uel.br\/direito-negocial\/wp-json\/wp\/v2\/posts\/2890\/revisions"}],"predecessor-version":[{"id":2891,"href":"https:\/\/pos.uel.br\/direito-negocial\/wp-json\/wp\/v2\/posts\/2890\/revisions\/2891"}],"wp:featuredmedia":[{"embeddable":true,"href":"https:\/\/pos.uel.br\/direito-negocial\/wp-json\/wp\/v2\/media\/2577"}],"wp:attachment":[{"href":"https:\/\/pos.uel.br\/direito-negocial\/wp-json\/wp\/v2\/media?parent=2890"}],"wp:term":[{"taxonomy":"category","embeddable":true,"href":"https:\/\/pos.uel.br\/direito-negocial\/wp-json\/wp\/v2\/categories?post=2890"},{"taxonomy":"post_tag","embeddable":true,"href":"https:\/\/pos.uel.br\/direito-negocial\/wp-json\/wp\/v2\/tags?post=2890"}],"curies":[{"name":"wp","href":"https:\/\/api.w.org\/{rel}","templated":true}]}}