{"id":2887,"date":"2025-08-16T23:00:00","date_gmt":"2025-08-17T02:00:00","guid":{"rendered":"https:\/\/pos.uel.br\/direito-negocial\/?p=2887"},"modified":"2025-08-28T18:42:12","modified_gmt":"2025-08-28T21:42:12","slug":"mestrandos-da-turma-de-2023-2025-comemoram-defesas-de-dissertacao-em-noite-de-homenagens","status":"publish","type":"post","link":"https:\/\/pos.uel.br\/direito-negocial\/noticias-ppgdn\/2025\/08\/16\/mestrandos-da-turma-de-2023-2025-comemoram-defesas-de-dissertacao-em-noite-de-homenagens\/","title":{"rendered":"Mestrandos da turma de 2023\/2025 comemoram defesas de disserta\u00e7\u00e3o em noite de homenagens"},"content":{"rendered":"\n<p>A noite do \u00faltimo s\u00e1bado (16) foi marcada por um clima de celebra\u00e7\u00e3o e dever cumprido para os alunos da turma 2023\/2025 do programa de mestrado. Em um evento especial, os rec\u00e9m-aprovados mestres comemoraram a conclus\u00e3o de suas disserta\u00e7\u00f5es, um marco que encerra dois anos de pesquisa, aprendizado e dedica\u00e7\u00e3o.<\/p>\n\n\n\n<p>A celebra\u00e7\u00e3o, que incluiu um jantar e coquetel, foi palco de discursos emocionados e homenagens. O coordenador do programa, professor Clodomiro Bannwart, a vice-coordenadora, professora Patricia Ayub, e a professora Daniela Paiano fizeram uso da palavra para parabenizar os estudantes pela conquista. Em seus discursos, destacaram o rigor acad\u00eamico, a perseveran\u00e7a e a qualidade dos trabalhos apresentados, ressaltando a import\u00e2ncia da nova gera\u00e7\u00e3o de pesquisadores para a ci\u00eancia e a sociedade.<\/p>\n\n\n\n<p>Representando o corpo discente, a agora egressa Julia Feliciano emocionou os presentes com um discurso que refletiu sobre a jornada pessoal e intelectual vivenciada durante o mestrado. Ela enfatizou a profunda transforma\u00e7\u00e3o pela qual todos os estudantes passam ao longo do curso. &#8220;Saio uma pessoa totalmente diferente daquela que entrou&#8221;, declarou Feliciano, sintetizando o sentimento de crescimento e amadurecimento compartilhado por seus colegas.<\/p>\n\n\n\n<p>O evento n\u00e3o apenas celebrou o sucesso individual de cada mestrando, mas tamb\u00e9m refor\u00e7ou os la\u00e7os criados entre alunos e professores ao longo da jornada. Em um ambiente de confraterniza\u00e7\u00e3o, os novos mestres puderam comemorar o fim de um ciclo desafiador.<\/p>\n\n\n\n<p>A coordena\u00e7\u00e3o e o corpo docente do programa expressaram seus votos de sucesso a todos os egressos, desejando sabedoria em suas futuras caminhadas profissionais e acad\u00eamicas, e estenderam o convite, nas palavras do profesor Elve Cenci, para um breve retorno \u00e0 institui\u00e7\u00e3o, seja para futuros projetos, parcerias ou como parte da crescente rede de egressos.<\/p>\n\n\n\n<figure class=\"wp-block-gallery has-nested-images columns-default is-cropped wp-block-gallery-1 is-layout-flex wp-block-gallery-is-layout-flex\">\n<figure class=\"wp-block-image size-large\"><img loading=\"lazy\" decoding=\"async\" width=\"576\" height=\"1024\" data-id=\"2562\" src=\"https:\/\/pos.uel.br\/direito-negocial\/wp-content\/uploads\/2025\/08\/IMG_6026-1-576x1024.jpeg\" alt=\"\" class=\"wp-image-2562\" srcset=\"https:\/\/pos.uel.br\/direito-negocial\/wp-content\/uploads\/2025\/08\/IMG_6026-1-576x1024.jpeg 576w, https:\/\/pos.uel.br\/direito-negocial\/wp-content\/uploads\/2025\/08\/IMG_6026-1-169x300.jpeg 169w, https:\/\/pos.uel.br\/direito-negocial\/wp-content\/uploads\/2025\/08\/IMG_6026-1-768x1365.jpeg 768w, https:\/\/pos.uel.br\/direito-negocial\/wp-content\/uploads\/2025\/08\/IMG_6026-1-864x1536.jpeg 864w, https:\/\/pos.uel.br\/direito-negocial\/wp-content\/uploads\/2025\/08\/IMG_6026-1-1152x2048.jpeg 1152w, https:\/\/pos.uel.br\/direito-negocial\/wp-content\/uploads\/2025\/08\/IMG_6026-1-scaled.jpeg 1440w\" sizes=\"auto, (max-width: 576px) 100vw, 576px\" \/><\/figure>\n\n\n\n<figure class=\"wp-block-image size-large\"><img loading=\"lazy\" decoding=\"async\" width=\"768\" height=\"1024\" data-id=\"2556\" src=\"https:\/\/pos.uel.br\/direito-negocial\/wp-content\/uploads\/2025\/08\/IMG_6037-1-768x1024.jpeg\" alt=\"\" class=\"wp-image-2556\" srcset=\"https:\/\/pos.uel.br\/direito-negocial\/wp-content\/uploads\/2025\/08\/IMG_6037-1-768x1024.jpeg 768w, https:\/\/pos.uel.br\/direito-negocial\/wp-content\/uploads\/2025\/08\/IMG_6037-1-225x300.jpeg 225w, https:\/\/pos.uel.br\/direito-negocial\/wp-content\/uploads\/2025\/08\/IMG_6037-1-1152x1536.jpeg 1152w, https:\/\/pos.uel.br\/direito-negocial\/wp-content\/uploads\/2025\/08\/IMG_6037-1-1536x2048.jpeg 1536w, https:\/\/pos.uel.br\/direito-negocial\/wp-content\/uploads\/2025\/08\/IMG_6037-1-scaled.jpeg 1920w\" sizes=\"auto, (max-width: 768px) 100vw, 768px\" \/><\/figure>\n<\/figure>\n","protected":false},"excerpt":{"rendered":"<p>Celebra\u00e7\u00e3o contou com a presen\u00e7a de coordenadores, professores e alunos, marcando o encerramento de um ciclo de intensa dedica\u00e7\u00e3o acad\u00eamica.<\/p>\n","protected":false},"author":16,"featured_media":2553,"comment_status":"open","ping_status":"open","sticky":false,"template":"","format":"standard","meta":{"_acf_changed":false,"footnotes":""},"categories":[12,18],"tags":[],"class_list":["post-2887","post","type-post","status-publish","format-standard","has-post-thumbnail","hentry","category-noticias-ppgdn","category-registros"],"acf":[],"_links":{"self":[{"href":"https:\/\/pos.uel.br\/direito-negocial\/wp-json\/wp\/v2\/posts\/2887","targetHints":{"allow":["GET"]}}],"collection":[{"href":"https:\/\/pos.uel.br\/direito-negocial\/wp-json\/wp\/v2\/posts"}],"about":[{"href":"https:\/\/pos.uel.br\/direito-negocial\/wp-json\/wp\/v2\/types\/post"}],"author":[{"embeddable":true,"href":"https:\/\/pos.uel.br\/direito-negocial\/wp-json\/wp\/v2\/users\/16"}],"replies":[{"embeddable":true,"href":"https:\/\/pos.uel.br\/direito-negocial\/wp-json\/wp\/v2\/comments?post=2887"}],"version-history":[{"count":1,"href":"https:\/\/pos.uel.br\/direito-negocial\/wp-json\/wp\/v2\/posts\/2887\/revisions"}],"predecessor-version":[{"id":2888,"href":"https:\/\/pos.uel.br\/direito-negocial\/wp-json\/wp\/v2\/posts\/2887\/revisions\/2888"}],"wp:featuredmedia":[{"embeddable":true,"href":"https:\/\/pos.uel.br\/direito-negocial\/wp-json\/wp\/v2\/media\/2553"}],"wp:attachment":[{"href":"https:\/\/pos.uel.br\/direito-negocial\/wp-json\/wp\/v2\/media?parent=2887"}],"wp:term":[{"taxonomy":"category","embeddable":true,"href":"https:\/\/pos.uel.br\/direito-negocial\/wp-json\/wp\/v2\/categories?post=2887"},{"taxonomy":"post_tag","embeddable":true,"href":"https:\/\/pos.uel.br\/direito-negocial\/wp-json\/wp\/v2\/tags?post=2887"}],"curies":[{"name":"wp","href":"https:\/\/api.w.org\/{rel}","templated":true}]}}