{"id":2885,"date":"2025-08-18T18:00:00","date_gmt":"2025-08-18T21:00:00","guid":{"rendered":"https:\/\/pos.uel.br\/direito-negocial\/?p=2885"},"modified":"2025-08-28T18:39:42","modified_gmt":"2025-08-28T21:39:42","slug":"programa-de-pos-graduacao-em-direito-negocial-da-uel-e-contemplado-em-edital-da-capes-com-vagas-para-estrangeiros","status":"publish","type":"post","link":"https:\/\/pos.uel.br\/direito-negocial\/noticias-ppgdn\/2025\/08\/18\/programa-de-pos-graduacao-em-direito-negocial-da-uel-e-contemplado-em-edital-da-capes-com-vagas-para-estrangeiros\/","title":{"rendered":"Programa de P\u00f3s-Gradua\u00e7\u00e3o em Direito Negocial da UEL \u00e9 contemplado em edital da CAPES com vagas para estrangeiros"},"content":{"rendered":"\n<p>O Programa de P\u00f3s-Gradua\u00e7\u00e3o em Direito Negocial (PPGDN) da Universidade Estadual de Londrina (UEL) participa do Edital n\u00ba 12\/2025 da Coordena\u00e7\u00e3o de Aperfei\u00e7oamento de Pessoal de N\u00edvel Superior (CAPES), que trata do Programa de Estudantes-Conv\u00eanio de P\u00f3s-Gradua\u00e7\u00e3o (PEC-PG).<\/p>\n\n\n\n<p>De acordo com o edital, o Programa de P\u00f3s-gradua\u00e7\u00e3o em Direito Negocial da UEL ter\u00e1 quatro vagas para estudantes estrangeiros que poder\u00e3o cursar o mestrado em Direito Negocial. As vagas poder\u00e3o ser preenchidas por candidatos que tenham dom\u00ednio das seguintes l\u00ednguas: portugu\u00eas, ingl\u00eas ou espanhol, a depender da orienta\u00e7\u00e3o de cada professor.<\/p>\n\n\n\n<p>O PEC-PG \u00e9 uma iniciativa que busca promover a coopera\u00e7\u00e3o acad\u00eamica internacional, permitindo a forma\u00e7\u00e3o de estudantes de diferentes pa\u00edses em institui\u00e7\u00f5es brasileiras de ensino superior. A participa\u00e7\u00e3o do PPGDN\/UEL no edital refor\u00e7a o reconhecimento do programa e amplia sua proje\u00e7\u00e3o internacional, atraindo pesquisadores de diferentes contextos culturais e jur\u00eddicos.<\/p>\n\n\n\n<p>O edital publicado pela CAPES destaca a import\u00e2ncia do interc\u00e2mbio cient\u00edfico e da internacionaliza\u00e7\u00e3o dos programas de p\u00f3s-gradua\u00e7\u00e3o no pa\u00eds.<\/p>\n\n\n\n<div class=\"wp-block-buttons is-content-justification-center is-layout-flex wp-container-core-buttons-is-layout-16018d1d wp-block-buttons-is-layout-flex\">\n<div class=\"wp-block-button\"><a class=\"wp-block-button__link wp-element-button\" href=\"https:\/\/www.gov.br\/capes\/pt-br\/centrais-de-conteudo\/resultados-dos-editais\/13082025_Edital_2656363_SEI_2656297_Edital_N_12_2025___lista_de_OFERTA_DE_VAGAS.pdf.\">Edital dispon\u00edvel<\/a><\/div>\n<\/div>\n\n\n\n<p><\/p>\n","protected":false},"excerpt":{"rendered":"<p>O Programa de P\u00f3s-Gradua\u00e7\u00e3o em Direito Negocial (PPGDN) da Universidade Estadual de Londrina (UEL) participa do Edital n\u00ba 12\/2025 da Coordena\u00e7\u00e3o de Aperfei\u00e7oamento de Pessoal de N\u00edvel Superior (CAPES), que trata do Programa de Estudantes-Conv\u00eanio de P\u00f3s-Gradua\u00e7\u00e3o (PEC-PG). De acordo com o edital, o Programa de P\u00f3s-gradua\u00e7\u00e3o em Direito Negocial da UEL ter\u00e1 quatro vagas [&hellip;]<\/p>\n","protected":false},"author":16,"featured_media":0,"comment_status":"open","ping_status":"open","sticky":false,"template":"","format":"standard","meta":{"_acf_changed":false,"footnotes":""},"categories":[32,12],"tags":[],"class_list":["post-2885","post","type-post","status-publish","format-standard","hentry","category-bolsas","category-noticias-ppgdn"],"acf":[],"_links":{"self":[{"href":"https:\/\/pos.uel.br\/direito-negocial\/wp-json\/wp\/v2\/posts\/2885","targetHints":{"allow":["GET"]}}],"collection":[{"href":"https:\/\/pos.uel.br\/direito-negocial\/wp-json\/wp\/v2\/posts"}],"about":[{"href":"https:\/\/pos.uel.br\/direito-negocial\/wp-json\/wp\/v2\/types\/post"}],"author":[{"embeddable":true,"href":"https:\/\/pos.uel.br\/direito-negocial\/wp-json\/wp\/v2\/users\/16"}],"replies":[{"embeddable":true,"href":"https:\/\/pos.uel.br\/direito-negocial\/wp-json\/wp\/v2\/comments?post=2885"}],"version-history":[{"count":1,"href":"https:\/\/pos.uel.br\/direito-negocial\/wp-json\/wp\/v2\/posts\/2885\/revisions"}],"predecessor-version":[{"id":2886,"href":"https:\/\/pos.uel.br\/direito-negocial\/wp-json\/wp\/v2\/posts\/2885\/revisions\/2886"}],"wp:attachment":[{"href":"https:\/\/pos.uel.br\/direito-negocial\/wp-json\/wp\/v2\/media?parent=2885"}],"wp:term":[{"taxonomy":"category","embeddable":true,"href":"https:\/\/pos.uel.br\/direito-negocial\/wp-json\/wp\/v2\/categories?post=2885"},{"taxonomy":"post_tag","embeddable":true,"href":"https:\/\/pos.uel.br\/direito-negocial\/wp-json\/wp\/v2\/tags?post=2885"}],"curies":[{"name":"wp","href":"https:\/\/api.w.org\/{rel}","templated":true}]}}