{"id":2880,"date":"2025-08-18T12:00:00","date_gmt":"2025-08-18T15:00:00","guid":{"rendered":"https:\/\/pos.uel.br\/direito-negocial\/?p=2880"},"modified":"2025-08-28T18:37:48","modified_gmt":"2025-08-28T21:37:48","slug":"ppgdn-inicia-semestre-letivo-com-disciplina-obrigatoria-sobre-negocios-juridicos","status":"publish","type":"post","link":"https:\/\/pos.uel.br\/direito-negocial\/noticias-ppgdn\/2025\/08\/18\/ppgdn-inicia-semestre-letivo-com-disciplina-obrigatoria-sobre-negocios-juridicos\/","title":{"rendered":"PPGDN inicia semestre letivo com disciplina obrigat\u00f3ria sobre Neg\u00f3cios Jur\u00eddicos"},"content":{"rendered":"\n<p>Nesta segunda-feira, 18 de agosto, o Programa de P\u00f3s-Gradua\u00e7\u00e3o em Direito Negocial da Universidade Estadual de Londrina (PPGDN-UEL) deu in\u00edcio \u00e0s atividades de seu semestre letivo. A aula inaugural foi da disciplina &#8220;Fundamentos Dogm\u00e1ticos dos Neg\u00f3cios Jur\u00eddicos&#8221;, ministrada pelas professoras Rita de C\u00e1ssia Resquetti Tarifa Espolador e Daniela Braga Paiano.<\/p>\n\n\n\n<p>A mat\u00e9ria \u00e9 componente obrigat\u00f3rio da grade curricular para os estudantes de todas as linhas de pesquisa do programa. Seu objetivo \u00e9 fornecer a base conceitual sobre neg\u00f3cios jur\u00eddicos, contribuindo para o desenvolvimento das pesquisas dos mestrandos e doutorandos.<\/p>\n\n\n\n<p>A coordena\u00e7\u00e3o do PPGDN deseja a todos um excelente semestre, de muito aprendizado e avan\u00e7os na pesquisa acad\u00eamica.<\/p>\n\n\n\n<figure class=\"wp-block-gallery has-nested-images columns-default is-cropped wp-block-gallery-1 is-layout-flex wp-block-gallery-is-layout-flex\">\n<figure class=\"wp-block-image size-large\"><img loading=\"lazy\" decoding=\"async\" width=\"768\" height=\"1024\" data-id=\"2571\" src=\"https:\/\/pos.uel.br\/direito-negocial\/wp-content\/uploads\/2025\/08\/WhatsApp-Image-2025-08-18-at-09.55.53-768x1024.jpeg\" alt=\"\" class=\"wp-image-2571\" srcset=\"https:\/\/pos.uel.br\/direito-negocial\/wp-content\/uploads\/2025\/08\/WhatsApp-Image-2025-08-18-at-09.55.53-768x1024.jpeg 768w, https:\/\/pos.uel.br\/direito-negocial\/wp-content\/uploads\/2025\/08\/WhatsApp-Image-2025-08-18-at-09.55.53-225x300.jpeg 225w, https:\/\/pos.uel.br\/direito-negocial\/wp-content\/uploads\/2025\/08\/WhatsApp-Image-2025-08-18-at-09.55.53-1152x1536.jpeg 1152w, https:\/\/pos.uel.br\/direito-negocial\/wp-content\/uploads\/2025\/08\/WhatsApp-Image-2025-08-18-at-09.55.53.jpeg 1200w\" sizes=\"auto, (max-width: 768px) 100vw, 768px\" \/><\/figure>\n\n\n\n<figure class=\"wp-block-image size-large\"><img loading=\"lazy\" decoding=\"async\" width=\"768\" height=\"1024\" data-id=\"2570\" src=\"https:\/\/pos.uel.br\/direito-negocial\/wp-content\/uploads\/2025\/08\/WhatsApp-Image-2025-08-18-at-09.55.53-1-768x1024.jpeg\" alt=\"\" class=\"wp-image-2570\" srcset=\"https:\/\/pos.uel.br\/direito-negocial\/wp-content\/uploads\/2025\/08\/WhatsApp-Image-2025-08-18-at-09.55.53-1-768x1024.jpeg 768w, https:\/\/pos.uel.br\/direito-negocial\/wp-content\/uploads\/2025\/08\/WhatsApp-Image-2025-08-18-at-09.55.53-1-225x300.jpeg 225w, https:\/\/pos.uel.br\/direito-negocial\/wp-content\/uploads\/2025\/08\/WhatsApp-Image-2025-08-18-at-09.55.53-1-1152x1536.jpeg 1152w, https:\/\/pos.uel.br\/direito-negocial\/wp-content\/uploads\/2025\/08\/WhatsApp-Image-2025-08-18-at-09.55.53-1.jpeg 1200w\" sizes=\"auto, (max-width: 768px) 100vw, 768px\" \/><\/figure>\n<\/figure>\n","protected":false},"excerpt":{"rendered":"<p>A aula inaugural foi da disciplina &#8220;Fundamentos Dogm\u00e1ticos dos Neg\u00f3cios Jur\u00eddicos&#8221;, ministrada pelas professoras Rita de C\u00e1ssia Resquetti Tarifa Espolador e Daniela Braga Paiano.<\/p>\n","protected":false},"author":16,"featured_media":2571,"comment_status":"open","ping_status":"open","sticky":false,"template":"","format":"standard","meta":{"_acf_changed":false,"footnotes":""},"categories":[31,12,18],"tags":[],"class_list":["post-2880","post","type-post","status-publish","format-standard","has-post-thumbnail","hentry","category-aulas","category-noticias-ppgdn","category-registros"],"acf":[],"_links":{"self":[{"href":"https:\/\/pos.uel.br\/direito-negocial\/wp-json\/wp\/v2\/posts\/2880","targetHints":{"allow":["GET"]}}],"collection":[{"href":"https:\/\/pos.uel.br\/direito-negocial\/wp-json\/wp\/v2\/posts"}],"about":[{"href":"https:\/\/pos.uel.br\/direito-negocial\/wp-json\/wp\/v2\/types\/post"}],"author":[{"embeddable":true,"href":"https:\/\/pos.uel.br\/direito-negocial\/wp-json\/wp\/v2\/users\/16"}],"replies":[{"embeddable":true,"href":"https:\/\/pos.uel.br\/direito-negocial\/wp-json\/wp\/v2\/comments?post=2880"}],"version-history":[{"count":1,"href":"https:\/\/pos.uel.br\/direito-negocial\/wp-json\/wp\/v2\/posts\/2880\/revisions"}],"predecessor-version":[{"id":2884,"href":"https:\/\/pos.uel.br\/direito-negocial\/wp-json\/wp\/v2\/posts\/2880\/revisions\/2884"}],"wp:featuredmedia":[{"embeddable":true,"href":"https:\/\/pos.uel.br\/direito-negocial\/wp-json\/wp\/v2\/media\/2571"}],"wp:attachment":[{"href":"https:\/\/pos.uel.br\/direito-negocial\/wp-json\/wp\/v2\/media?parent=2880"}],"wp:term":[{"taxonomy":"category","embeddable":true,"href":"https:\/\/pos.uel.br\/direito-negocial\/wp-json\/wp\/v2\/categories?post=2880"},{"taxonomy":"post_tag","embeddable":true,"href":"https:\/\/pos.uel.br\/direito-negocial\/wp-json\/wp\/v2\/tags?post=2880"}],"curies":[{"name":"wp","href":"https:\/\/api.w.org\/{rel}","templated":true}]}}