{"id":2825,"date":"2025-08-28T11:52:58","date_gmt":"2025-08-28T14:52:58","guid":{"rendered":"https:\/\/pos.uel.br\/direito-negocial\/?p=2825"},"modified":"2025-08-28T17:48:36","modified_gmt":"2025-08-28T20:48:36","slug":"programa-de-pos-graduacao-en-direito-negocial-participa-do-23o-congresso-brasileiro-de-direito-internacional-em-belem-pa","status":"publish","type":"post","link":"https:\/\/pos.uel.br\/direito-negocial\/noticias-ppgdn\/2025\/08\/28\/programa-de-pos-graduacao-en-direito-negocial-participa-do-23o-congresso-brasileiro-de-direito-internacional-em-belem-pa\/","title":{"rendered":"Programa de P\u00f3s-Gradua\u00e7\u00e3o em Direito Negocial participa do 23\u00ba Congresso Brasileiro de Direito Internacional em Bel\u00e9m\/PA"},"content":{"rendered":"<div class=\"wp-block-post-excerpt\"><p class=\"wp-block-post-excerpt__excerpt\">Discentes e Docentes participaram e colaboraram com relevantes assuntos no Direito Internacional como palestrantes, conferencistas, presidentes de mesa e na publica\u00e7\u00e3o de cap\u00edtulo do livro do evento <\/p><\/div>\n\n\n<p>Entre os dias 27\/08\/2025 e 30\/08\/2025 ocorreu o 23\u00ba Congresso Brasileiro de Direito Internacional em Bel\u00e9m\/PA, cujo objetivo foi gerar o debate sobre as atualidades do Direito Internacional.<\/p>\n\n\n\n<p>O evento contou com a participa\u00e7\u00e3o de discentes e docentes componentes do Programa de P\u00f3s-Gradua\u00e7\u00e3o Strictu Sensu em Direito Negocial da Universidade Estadual de Londrina &#8211; UEL.<\/p>\n\n\n\n<p>A professora Dra. Patr\u00edcia Ayub da Costa foi presidente dos Pain\u00e9is Direito Internacional Privado e Direito Internacional Econ\u00f4mico e Migra\u00e7\u00f5es e Direito dos Refugiados, bem como conferencista da palestra Cl\u00e1usulas Ambientais e Arbitragem Internacional. A professora Dra. Patr\u00edcia Ayub da Costa tamb\u00e9m foi conferencista da Palestra Princ\u00edpios do Equador: Instrumento de Sustentabilidade Socioambiental, junto da discente Laura Ferreira Meletti, que ensejou na publica\u00e7\u00e3o do Cap\u00edtulo 33 sobre o mesmo tema, no livro Direito Internacional em Expans\u00e3o, Volume XXVIII.<\/p>\n\n\n\n<p>A professora Dra. T\u00e2nia Lobo Muniz foi conferencista na palestra ACESSO \u00c0 JUSTI\u00c7A E SUSTENTABILIDADE e palestrando Conflitos Internacionais e Sustentabilidade: Simula\u00e7\u00e3o sobre conflitos em obras para a COP 30.<\/p>\n\n\n\n<figure class=\"wp-block-gallery has-nested-images columns-default is-cropped wp-block-gallery-1 is-layout-flex wp-block-gallery-is-layout-flex\">\n<figure class=\"wp-block-image size-large\"><img loading=\"lazy\" decoding=\"async\" width=\"1024\" height=\"768\" data-id=\"2833\" src=\"https:\/\/pos.uel.br\/direito-negocial\/wp-content\/uploads\/2025\/08\/WhatsApp-Image-2025-08-28-at-10.59.56-2-1024x768.jpeg\" alt=\"\" class=\"wp-image-2833\" srcset=\"https:\/\/pos.uel.br\/direito-negocial\/wp-content\/uploads\/2025\/08\/WhatsApp-Image-2025-08-28-at-10.59.56-2-1024x768.jpeg 1024w, https:\/\/pos.uel.br\/direito-negocial\/wp-content\/uploads\/2025\/08\/WhatsApp-Image-2025-08-28-at-10.59.56-2-300x225.jpeg 300w, https:\/\/pos.uel.br\/direito-negocial\/wp-content\/uploads\/2025\/08\/WhatsApp-Image-2025-08-28-at-10.59.56-2-768x576.jpeg 768w, https:\/\/pos.uel.br\/direito-negocial\/wp-content\/uploads\/2025\/08\/WhatsApp-Image-2025-08-28-at-10.59.56-2.jpeg 1280w\" sizes=\"auto, (max-width: 1024px) 100vw, 1024px\" \/><\/figure>\n\n\n\n<figure class=\"wp-block-image size-large\"><img loading=\"lazy\" decoding=\"async\" width=\"768\" height=\"1024\" data-id=\"2836\" src=\"https:\/\/pos.uel.br\/direito-negocial\/wp-content\/uploads\/2025\/08\/WhatsApp-Image-2025-08-28-at-10.59.54-1-1-768x1024.jpeg\" alt=\"\" class=\"wp-image-2836\" srcset=\"https:\/\/pos.uel.br\/direito-negocial\/wp-content\/uploads\/2025\/08\/WhatsApp-Image-2025-08-28-at-10.59.54-1-1-768x1024.jpeg 768w, https:\/\/pos.uel.br\/direito-negocial\/wp-content\/uploads\/2025\/08\/WhatsApp-Image-2025-08-28-at-10.59.54-1-1-225x300.jpeg 225w, https:\/\/pos.uel.br\/direito-negocial\/wp-content\/uploads\/2025\/08\/WhatsApp-Image-2025-08-28-at-10.59.54-1-1.jpeg 960w\" sizes=\"auto, (max-width: 768px) 100vw, 768px\" \/><\/figure>\n\n\n\n<figure class=\"wp-block-image size-large\"><img loading=\"lazy\" decoding=\"async\" width=\"1024\" height=\"768\" data-id=\"2835\" src=\"https:\/\/pos.uel.br\/direito-negocial\/wp-content\/uploads\/2025\/08\/WhatsApp-Image-2025-08-28-at-10.59.53-1024x768.jpeg\" alt=\"\" class=\"wp-image-2835\" srcset=\"https:\/\/pos.uel.br\/direito-negocial\/wp-content\/uploads\/2025\/08\/WhatsApp-Image-2025-08-28-at-10.59.53-1024x768.jpeg 1024w, https:\/\/pos.uel.br\/direito-negocial\/wp-content\/uploads\/2025\/08\/WhatsApp-Image-2025-08-28-at-10.59.53-300x225.jpeg 300w, https:\/\/pos.uel.br\/direito-negocial\/wp-content\/uploads\/2025\/08\/WhatsApp-Image-2025-08-28-at-10.59.53-768x576.jpeg 768w, https:\/\/pos.uel.br\/direito-negocial\/wp-content\/uploads\/2025\/08\/WhatsApp-Image-2025-08-28-at-10.59.53.jpeg 1280w\" sizes=\"auto, (max-width: 1024px) 100vw, 1024px\" \/><\/figure>\n<\/figure>\n\n\n\n<p><\/p>\n","protected":false},"excerpt":{"rendered":"<p>Discentes e Docentes participaram e colaboraram com relevantes assuntos no Direito Internacional como palestrantes, conferencistas, presidentes de mesa e na publica\u00e7\u00e3o de cap\u00edtulo do livro do evento<\/p>\n","protected":false},"author":9,"featured_media":2831,"comment_status":"open","ping_status":"open","sticky":false,"template":"","format":"standard","meta":{"_acf_changed":false,"footnotes":""},"categories":[28,30,12,18],"tags":[],"class_list":["post-2825","post","type-post","status-publish","format-standard","has-post-thumbnail","hentry","category-destaque-discente","category-eventos","category-noticias-ppgdn","category-registros"],"acf":[],"_links":{"self":[{"href":"https:\/\/pos.uel.br\/direito-negocial\/wp-json\/wp\/v2\/posts\/2825","targetHints":{"allow":["GET"]}}],"collection":[{"href":"https:\/\/pos.uel.br\/direito-negocial\/wp-json\/wp\/v2\/posts"}],"about":[{"href":"https:\/\/pos.uel.br\/direito-negocial\/wp-json\/wp\/v2\/types\/post"}],"author":[{"embeddable":true,"href":"https:\/\/pos.uel.br\/direito-negocial\/wp-json\/wp\/v2\/users\/9"}],"replies":[{"embeddable":true,"href":"https:\/\/pos.uel.br\/direito-negocial\/wp-json\/wp\/v2\/comments?post=2825"}],"version-history":[{"count":2,"href":"https:\/\/pos.uel.br\/direito-negocial\/wp-json\/wp\/v2\/posts\/2825\/revisions"}],"predecessor-version":[{"id":2840,"href":"https:\/\/pos.uel.br\/direito-negocial\/wp-json\/wp\/v2\/posts\/2825\/revisions\/2840"}],"wp:featuredmedia":[{"embeddable":true,"href":"https:\/\/pos.uel.br\/direito-negocial\/wp-json\/wp\/v2\/media\/2831"}],"wp:attachment":[{"href":"https:\/\/pos.uel.br\/direito-negocial\/wp-json\/wp\/v2\/media?parent=2825"}],"wp:term":[{"taxonomy":"category","embeddable":true,"href":"https:\/\/pos.uel.br\/direito-negocial\/wp-json\/wp\/v2\/categories?post=2825"},{"taxonomy":"post_tag","embeddable":true,"href":"https:\/\/pos.uel.br\/direito-negocial\/wp-json\/wp\/v2\/tags?post=2825"}],"curies":[{"name":"wp","href":"https:\/\/api.w.org\/{rel}","templated":true}]}}