{"id":2766,"date":"2025-08-13T18:00:00","date_gmt":"2025-08-13T21:00:00","guid":{"rendered":"https:\/\/pos.uel.br\/direito-negocial\/?p=2766"},"modified":"2025-08-27T17:58:40","modified_gmt":"2025-08-27T20:58:40","slug":"mestrando-cego-do-ppgdn-uel-conquista-mestrado-em-direito-e-pesquisa-sobre-terminalidade-da-vida","status":"publish","type":"post","link":"https:\/\/pos.uel.br\/direito-negocial\/noticias-ppgdn\/2025\/08\/13\/mestrando-cego-do-ppgdn-uel-conquista-mestrado-em-direito-e-pesquisa-sobre-terminalidade-da-vida\/","title":{"rendered":"Mestrando cego do PPGDN-UEL conquista Mestrado em Direito e pesquisa sobre terminalidade da vida"},"content":{"rendered":"\n<p>A Universidade Estadual de Londrina (UEL) concedeu o t\u00edtulo de Mestre em Direito ao advogado M\u00e1rcio Fernando Rodrigues, de 47 anos, no dia 13. Cego desde os quatro anos, ele superou barreiras para concluir a p\u00f3s-gradua\u00e7\u00e3o, defendendo a disserta\u00e7\u00e3o <strong>\u201cDiretivas antecipadas de vontade com rela\u00e7\u00e3o \u00e0 terminalidade da vida\u201d<\/strong>, tema que discute a manifesta\u00e7\u00e3o do paciente sobre tratamentos m\u00e9dicos em situa\u00e7\u00f5es graves ou terminais.<\/p>\n\n\n\n<p>Atualmente, n\u00e3o h\u00e1 lei espec\u00edfica sobre o assunto no Brasil; a regulamenta\u00e7\u00e3o se baseia em resolu\u00e7\u00e3o do Conselho Federal de Medicina (CFM), de 2012, que reconhece as <strong>Diretivas Antecipadas de Vontade (DAV)<\/strong>, tamb\u00e9m chamadas de testamento vital. O tema est\u00e1 em debate no Congresso, no anteprojeto de Reforma do C\u00f3digo Civil.<\/p>\n\n\n\n<p>A pesquisa foi orientada pela professora Rita Tarifa Espolador, que destacou a relev\u00e2ncia social da discuss\u00e3o e a sensibilidade do aluno em abordar uma quest\u00e3o \u00e9tica e jur\u00eddica em evid\u00eancia.<\/p>\n\n\n\n<p>M\u00e1rcio, graduado em Direito pela Unifil em 2006, afirma ter interesse antigo em temas relacionados \u00e0 sa\u00fade e agradeceu \u00e0 UEL pelo acolhimento e acessibilidade durante sua trajet\u00f3ria acad\u00eamica.<\/p>\n\n\n\n<figure class=\"wp-block-image size-full is-resized\"><img loading=\"lazy\" decoding=\"async\" width=\"337\" height=\"191\" src=\"https:\/\/pos.uel.br\/direito-negocial\/wp-content\/uploads\/2025\/08\/image-1.png\" alt=\"\" class=\"wp-image-2627\" style=\"width:1256px;height:auto\" srcset=\"https:\/\/pos.uel.br\/direito-negocial\/wp-content\/uploads\/2025\/08\/image-1.png 337w, https:\/\/pos.uel.br\/direito-negocial\/wp-content\/uploads\/2025\/08\/image-1-300x170.png 300w\" sizes=\"auto, (max-width: 337px) 100vw, 337px\" \/><\/figure>\n","protected":false},"excerpt":{"rendered":"<p>A Universidade Estadual de Londrina (UEL) concedeu o t\u00edtulo de Mestre em Direito ao advogado M\u00e1rcio Fernando Rodrigues, de 47 anos, no dia 13. Cego desde os quatro anos, ele superou barreiras para concluir a p\u00f3s-gradua\u00e7\u00e3o.<\/p>\n","protected":false},"author":16,"featured_media":2627,"comment_status":"open","ping_status":"open","sticky":false,"template":"","format":"standard","meta":{"_acf_changed":false,"footnotes":""},"categories":[28,30,12],"tags":[],"class_list":["post-2766","post","type-post","status-publish","format-standard","has-post-thumbnail","hentry","category-destaque-discente","category-eventos","category-noticias-ppgdn"],"acf":[],"_links":{"self":[{"href":"https:\/\/pos.uel.br\/direito-negocial\/wp-json\/wp\/v2\/posts\/2766","targetHints":{"allow":["GET"]}}],"collection":[{"href":"https:\/\/pos.uel.br\/direito-negocial\/wp-json\/wp\/v2\/posts"}],"about":[{"href":"https:\/\/pos.uel.br\/direito-negocial\/wp-json\/wp\/v2\/types\/post"}],"author":[{"embeddable":true,"href":"https:\/\/pos.uel.br\/direito-negocial\/wp-json\/wp\/v2\/users\/16"}],"replies":[{"embeddable":true,"href":"https:\/\/pos.uel.br\/direito-negocial\/wp-json\/wp\/v2\/comments?post=2766"}],"version-history":[{"count":1,"href":"https:\/\/pos.uel.br\/direito-negocial\/wp-json\/wp\/v2\/posts\/2766\/revisions"}],"predecessor-version":[{"id":2767,"href":"https:\/\/pos.uel.br\/direito-negocial\/wp-json\/wp\/v2\/posts\/2766\/revisions\/2767"}],"wp:featuredmedia":[{"embeddable":true,"href":"https:\/\/pos.uel.br\/direito-negocial\/wp-json\/wp\/v2\/media\/2627"}],"wp:attachment":[{"href":"https:\/\/pos.uel.br\/direito-negocial\/wp-json\/wp\/v2\/media?parent=2766"}],"wp:term":[{"taxonomy":"category","embeddable":true,"href":"https:\/\/pos.uel.br\/direito-negocial\/wp-json\/wp\/v2\/categories?post=2766"},{"taxonomy":"post_tag","embeddable":true,"href":"https:\/\/pos.uel.br\/direito-negocial\/wp-json\/wp\/v2\/tags?post=2766"}],"curies":[{"name":"wp","href":"https:\/\/api.w.org\/{rel}","templated":true}]}}