{"id":2764,"date":"2025-08-21T18:00:00","date_gmt":"2025-08-21T21:00:00","guid":{"rendered":"https:\/\/pos.uel.br\/direito-negocial\/?p=2764"},"modified":"2025-08-27T17:55:46","modified_gmt":"2025-08-27T20:55:46","slug":"egressos-e-pos-graduandos-da-uel-debatem-direito-tecnologia-e-justica-penal-em-evento-academico","status":"publish","type":"post","link":"https:\/\/pos.uel.br\/direito-negocial\/noticias-ppgdn\/2025\/08\/21\/egressos-e-pos-graduandos-da-uel-debatem-direito-tecnologia-e-justica-penal-em-evento-academico\/","title":{"rendered":"Egressos e p\u00f3s-graduandos da UEL debatem Direito, Tecnologia e Justi\u00e7a Penal em evento acad\u00eamico"},"content":{"rendered":"\n<p>No dia 21 de agosto, o Programa de P\u00f3s-Gradua\u00e7\u00e3o em Direito Negocial da Universidade Estadual de Londrina (UEL) promoveu o evento <strong>\u201cPerspectivas Jur\u00eddicas: Civil, Penal e Tecnologia em Debate\u201d<\/strong>, reunindo alunos, pesquisadores e profissionais do Direito para discutir temas atuais e desafiadores da \u00e1rea.<\/p>\n\n\n\n<p>A atividade contou com a participa\u00e7\u00e3o da egressa <strong>J\u00falia Feliciano<\/strong> e do doutorando <strong>Marcos Daniel Veltrini Ticianelli<\/strong>, que compartilharam suas experi\u00eancias acad\u00eamicas e pr\u00e1ticas. Em suas exposi\u00e7\u00f5es, os convidados abordaram dois assuntos em destaque no cen\u00e1rio jur\u00eddico contempor\u00e2neo: <strong>os impactos da intelig\u00eancia artificial no cotidiano da advocacia<\/strong> e <strong>a justi\u00e7a penal negociada<\/strong>.<\/p>\n\n\n\n<p>Para o Programa, iniciativas como essa t\u00eam papel fundamental na forma\u00e7\u00e3o continuada e no fortalecimento da comunidade acad\u00eamica. Ao envolver <strong>egressos, mestrandos e doutorandos<\/strong>, os eventos criam um espa\u00e7o de integra\u00e7\u00e3o entre teoria e pr\u00e1tica, al\u00e9m de aproximar estudantes da gradua\u00e7\u00e3o das discuss\u00f5es mais recentes da pesquisa jur\u00eddica.<\/p>\n\n\n\n<p>\u201cA participa\u00e7\u00e3o ativa em atividades acad\u00eamicas complementa a forma\u00e7\u00e3o, amplia a rede de contatos e possibilita aos estudantes conhecerem tend\u00eancias e desafios da profiss\u00e3o\u201d, destacou a coordena\u00e7\u00e3o do Programa.<\/p>\n\n\n\n<p>Esses encontros reafirmam a import\u00e2ncia dos <strong>programas de p\u00f3s-gradua\u00e7\u00e3o stricto sensu<\/strong> na constru\u00e7\u00e3o do pensamento cr\u00edtico e na produ\u00e7\u00e3o cient\u00edfica que influencia n\u00e3o apenas a academia, mas tamb\u00e9m a atua\u00e7\u00e3o profissional no Direito.<\/p>\n\n\n\n<figure class=\"wp-block-gallery has-nested-images columns-default is-cropped wp-block-gallery-1 is-layout-flex wp-block-gallery-is-layout-flex\">\n<figure class=\"wp-block-image size-full\"><img loading=\"lazy\" decoding=\"async\" width=\"960\" height=\"1280\" data-id=\"2632\" src=\"https:\/\/pos.uel.br\/direito-negocial\/wp-content\/uploads\/2025\/08\/WhatsApp-Image-2025-08-21-at-10.53.46.jpeg\" alt=\"\" class=\"wp-image-2632\" srcset=\"https:\/\/pos.uel.br\/direito-negocial\/wp-content\/uploads\/2025\/08\/WhatsApp-Image-2025-08-21-at-10.53.46.jpeg 960w, https:\/\/pos.uel.br\/direito-negocial\/wp-content\/uploads\/2025\/08\/WhatsApp-Image-2025-08-21-at-10.53.46-225x300.jpeg 225w, https:\/\/pos.uel.br\/direito-negocial\/wp-content\/uploads\/2025\/08\/WhatsApp-Image-2025-08-21-at-10.53.46-768x1024.jpeg 768w\" sizes=\"auto, (max-width: 960px) 100vw, 960px\" \/><\/figure>\n\n\n\n<figure class=\"wp-block-image size-large\"><img loading=\"lazy\" decoding=\"async\" width=\"768\" height=\"1024\" data-id=\"2633\" src=\"https:\/\/pos.uel.br\/direito-negocial\/wp-content\/uploads\/2025\/08\/WhatsApp-Image-2025-08-21-at-10.54.16-1-768x1024.jpeg\" alt=\"\" class=\"wp-image-2633\" srcset=\"https:\/\/pos.uel.br\/direito-negocial\/wp-content\/uploads\/2025\/08\/WhatsApp-Image-2025-08-21-at-10.54.16-1-768x1024.jpeg 768w, https:\/\/pos.uel.br\/direito-negocial\/wp-content\/uploads\/2025\/08\/WhatsApp-Image-2025-08-21-at-10.54.16-1-225x300.jpeg 225w, https:\/\/pos.uel.br\/direito-negocial\/wp-content\/uploads\/2025\/08\/WhatsApp-Image-2025-08-21-at-10.54.16-1.jpeg 960w\" sizes=\"auto, (max-width: 768px) 100vw, 768px\" \/><\/figure>\n<\/figure>\n","protected":false},"excerpt":{"rendered":"<p>A atividade contou com a participa\u00e7\u00e3o da egressa J\u00falia Feliciano e do doutorando Marcos Daniel Veltrini Ticianelli, que compartilharam suas experi\u00eancias acad\u00eamicas e pr\u00e1ticas. Em suas exposi\u00e7\u00f5es, os convidados abordaram dois assuntos em destaque no cen\u00e1rio jur\u00eddico contempor\u00e2neo: os impactos da intelig\u00eancia artificial no cotidiano da advocacia e a justi\u00e7a penal negociada.<\/p>\n","protected":false},"author":16,"featured_media":2632,"comment_status":"open","ping_status":"open","sticky":false,"template":"","format":"standard","meta":{"_acf_changed":false,"footnotes":""},"categories":[28,30,12,18],"tags":[],"class_list":["post-2764","post","type-post","status-publish","format-standard","has-post-thumbnail","hentry","category-destaque-discente","category-eventos","category-noticias-ppgdn","category-registros"],"acf":[],"_links":{"self":[{"href":"https:\/\/pos.uel.br\/direito-negocial\/wp-json\/wp\/v2\/posts\/2764","targetHints":{"allow":["GET"]}}],"collection":[{"href":"https:\/\/pos.uel.br\/direito-negocial\/wp-json\/wp\/v2\/posts"}],"about":[{"href":"https:\/\/pos.uel.br\/direito-negocial\/wp-json\/wp\/v2\/types\/post"}],"author":[{"embeddable":true,"href":"https:\/\/pos.uel.br\/direito-negocial\/wp-json\/wp\/v2\/users\/16"}],"replies":[{"embeddable":true,"href":"https:\/\/pos.uel.br\/direito-negocial\/wp-json\/wp\/v2\/comments?post=2764"}],"version-history":[{"count":1,"href":"https:\/\/pos.uel.br\/direito-negocial\/wp-json\/wp\/v2\/posts\/2764\/revisions"}],"predecessor-version":[{"id":2765,"href":"https:\/\/pos.uel.br\/direito-negocial\/wp-json\/wp\/v2\/posts\/2764\/revisions\/2765"}],"wp:featuredmedia":[{"embeddable":true,"href":"https:\/\/pos.uel.br\/direito-negocial\/wp-json\/wp\/v2\/media\/2632"}],"wp:attachment":[{"href":"https:\/\/pos.uel.br\/direito-negocial\/wp-json\/wp\/v2\/media?parent=2764"}],"wp:term":[{"taxonomy":"category","embeddable":true,"href":"https:\/\/pos.uel.br\/direito-negocial\/wp-json\/wp\/v2\/categories?post=2764"},{"taxonomy":"post_tag","embeddable":true,"href":"https:\/\/pos.uel.br\/direito-negocial\/wp-json\/wp\/v2\/tags?post=2764"}],"curies":[{"name":"wp","href":"https:\/\/api.w.org\/{rel}","templated":true}]}}