{"id":2761,"date":"2025-08-22T18:00:00","date_gmt":"2025-08-22T21:00:00","guid":{"rendered":"https:\/\/pos.uel.br\/direito-negocial\/?p=2761"},"modified":"2025-08-27T17:52:02","modified_gmt":"2025-08-27T20:52:02","slug":"professor-da-uel-participa-do-forum-de-coordenadores-de-programas-de-pos-graduacao-em-direito-no-rio-de-janeiro","status":"publish","type":"post","link":"https:\/\/pos.uel.br\/direito-negocial\/sem-categoria\/2025\/08\/22\/professor-da-uel-participa-do-forum-de-coordenadores-de-programas-de-pos-graduacao-em-direito-no-rio-de-janeiro\/","title":{"rendered":"Professor da UEL participa do F\u00f3rum de Coordenadores de Programas de P\u00f3s-Gradua\u00e7\u00e3o em Direito no Rio de Janeiro"},"content":{"rendered":"\n<p>Encontro nacional discutiu os desafios e perspectivas da pesquisa jur\u00eddica no Brasil.<\/p>\n\n\n\n<p>O professor Dr. Clodomiro Bannwart, da Universidade Estadual de Londrina (UEL), participou no dia 22 de agosto do F\u00f3rum de Coordenadores dos Programas de P\u00f3s-Gradua\u00e7\u00e3o em Direito, realizado na Pontif\u00edcia Universidade Cat\u00f3lica do Rio de Janeiro (PUC-Rio). O encontro reuniu representantes de diversas institui\u00e7\u00f5es de ensino superior do pa\u00eds, com o objetivo de debater os rumos da pesquisa jur\u00eddica no cen\u00e1rio nacional e os desafios da p\u00f3s-gradua\u00e7\u00e3o stricto sensu.<\/p>\n\n\n\n<p>Durante o f\u00f3rum, foram discutidas quest\u00f5es ligadas \u00e0 avalia\u00e7\u00e3o da CAPES, internacionaliza\u00e7\u00e3o, fomento \u00e0 pesquisa, inser\u00e7\u00e3o social dos programas e estrat\u00e9gias para o fortalecimento da produ\u00e7\u00e3o cient\u00edfica na \u00e1rea do Direito. A presen\u00e7a de coordenadores e docentes de diferentes universidades possibilitou a troca de experi\u00eancias e a constru\u00e7\u00e3o de propostas conjuntas para o aprimoramento da p\u00f3s-gradua\u00e7\u00e3o.<\/p>\n\n\n\n<p>Segundo o professor Clodomiro, a participa\u00e7\u00e3o da UEL em espa\u00e7os de di\u00e1logo acad\u00eamico como esse refor\u00e7a o compromisso institucional com a excel\u00eancia e a consolida\u00e7\u00e3o da pesquisa jur\u00eddica no Brasil. \u201cEventos como este s\u00e3o fundamentais para alinharmos expectativas, compartilharmos boas pr\u00e1ticas e fortalecermos a coopera\u00e7\u00e3o entre programas de diferentes regi\u00f5es do pa\u00eds\u201d, destacou.<\/p>\n\n\n\n<p>A participa\u00e7\u00e3o no f\u00f3rum reafirma o papel da UEL como institui\u00e7\u00e3o de refer\u00eancia, comprometida com a qualidade acad\u00eamica, a inova\u00e7\u00e3o e a contribui\u00e7\u00e3o cient\u00edfica para a sociedade.<\/p>\n\n\n\n<figure class=\"wp-block-gallery has-nested-images columns-default is-cropped wp-block-gallery-1 is-layout-flex wp-block-gallery-is-layout-flex\">\n<figure class=\"wp-block-image size-large\"><img loading=\"lazy\" decoding=\"async\" width=\"1024\" height=\"768\" data-id=\"2647\" src=\"https:\/\/pos.uel.br\/direito-negocial\/wp-content\/uploads\/2025\/08\/WhatsApp-Image-2025-08-25-at-08.54.38-1-1024x768.jpeg\" alt=\"\" class=\"wp-image-2647\" srcset=\"https:\/\/pos.uel.br\/direito-negocial\/wp-content\/uploads\/2025\/08\/WhatsApp-Image-2025-08-25-at-08.54.38-1-1024x768.jpeg 1024w, https:\/\/pos.uel.br\/direito-negocial\/wp-content\/uploads\/2025\/08\/WhatsApp-Image-2025-08-25-at-08.54.38-1-300x225.jpeg 300w, https:\/\/pos.uel.br\/direito-negocial\/wp-content\/uploads\/2025\/08\/WhatsApp-Image-2025-08-25-at-08.54.38-1-768x576.jpeg 768w, https:\/\/pos.uel.br\/direito-negocial\/wp-content\/uploads\/2025\/08\/WhatsApp-Image-2025-08-25-at-08.54.38-1.jpeg 1280w\" sizes=\"auto, (max-width: 1024px) 100vw, 1024px\" \/><figcaption class=\"wp-element-caption\">Coordenador do PPGND-UEL ao lado do coordenador do programa de p\u00f3s gradua\u00e7\u00e3o da UFPR Dr. Guilherme Brenner Lucchesi <\/figcaption><\/figure>\n\n\n\n<figure class=\"wp-block-image size-large\"><img loading=\"lazy\" decoding=\"async\" width=\"1024\" height=\"768\" data-id=\"2648\" src=\"https:\/\/pos.uel.br\/direito-negocial\/wp-content\/uploads\/2025\/08\/WhatsApp-Image-2025-08-26-at-10.25.08-1024x768.jpeg\" alt=\"\" class=\"wp-image-2648\" srcset=\"https:\/\/pos.uel.br\/direito-negocial\/wp-content\/uploads\/2025\/08\/WhatsApp-Image-2025-08-26-at-10.25.08-1024x768.jpeg 1024w, https:\/\/pos.uel.br\/direito-negocial\/wp-content\/uploads\/2025\/08\/WhatsApp-Image-2025-08-26-at-10.25.08-300x225.jpeg 300w, https:\/\/pos.uel.br\/direito-negocial\/wp-content\/uploads\/2025\/08\/WhatsApp-Image-2025-08-26-at-10.25.08-768x576.jpeg 768w, https:\/\/pos.uel.br\/direito-negocial\/wp-content\/uploads\/2025\/08\/WhatsApp-Image-2025-08-26-at-10.25.08.jpeg 1280w\" sizes=\"auto, (max-width: 1024px) 100vw, 1024px\" \/><figcaption class=\"wp-element-caption\">Coordenadores dos programas de p\u00f3s gradua\u00e7\u00e3o Stricto Sensu do Paran\u00e1<\/figcaption><\/figure>\n<\/figure>\n","protected":false},"excerpt":{"rendered":"<p>Encontro nacional discutiu os desafios e perspectivas da pesquisa jur\u00eddica no Brasil. A participa\u00e7\u00e3o no f\u00f3rum reafirma o papel da UEL como institui\u00e7\u00e3o de refer\u00eancia, comprometida com a qualidade acad\u00eamica, a inova\u00e7\u00e3o e a contribui\u00e7\u00e3o cient\u00edfica para a sociedade.<\/p>\n","protected":false},"author":16,"featured_media":2648,"comment_status":"open","ping_status":"open","sticky":false,"template":"","format":"standard","meta":{"_acf_changed":false,"footnotes":""},"categories":[17,30,12,18,1],"tags":[],"class_list":["post-2761","post","type-post","status-publish","format-standard","has-post-thumbnail","hentry","category-departamento","category-eventos","category-noticias-ppgdn","category-registros","category-sem-categoria"],"acf":[],"_links":{"self":[{"href":"https:\/\/pos.uel.br\/direito-negocial\/wp-json\/wp\/v2\/posts\/2761","targetHints":{"allow":["GET"]}}],"collection":[{"href":"https:\/\/pos.uel.br\/direito-negocial\/wp-json\/wp\/v2\/posts"}],"about":[{"href":"https:\/\/pos.uel.br\/direito-negocial\/wp-json\/wp\/v2\/types\/post"}],"author":[{"embeddable":true,"href":"https:\/\/pos.uel.br\/direito-negocial\/wp-json\/wp\/v2\/users\/16"}],"replies":[{"embeddable":true,"href":"https:\/\/pos.uel.br\/direito-negocial\/wp-json\/wp\/v2\/comments?post=2761"}],"version-history":[{"count":1,"href":"https:\/\/pos.uel.br\/direito-negocial\/wp-json\/wp\/v2\/posts\/2761\/revisions"}],"predecessor-version":[{"id":2762,"href":"https:\/\/pos.uel.br\/direito-negocial\/wp-json\/wp\/v2\/posts\/2761\/revisions\/2762"}],"wp:featuredmedia":[{"embeddable":true,"href":"https:\/\/pos.uel.br\/direito-negocial\/wp-json\/wp\/v2\/media\/2648"}],"wp:attachment":[{"href":"https:\/\/pos.uel.br\/direito-negocial\/wp-json\/wp\/v2\/media?parent=2761"}],"wp:term":[{"taxonomy":"category","embeddable":true,"href":"https:\/\/pos.uel.br\/direito-negocial\/wp-json\/wp\/v2\/categories?post=2761"},{"taxonomy":"post_tag","embeddable":true,"href":"https:\/\/pos.uel.br\/direito-negocial\/wp-json\/wp\/v2\/tags?post=2761"}],"curies":[{"name":"wp","href":"https:\/\/api.w.org\/{rel}","templated":true}]}}