{"id":2751,"date":"2025-08-25T18:00:00","date_gmt":"2025-08-25T21:00:00","guid":{"rendered":"https:\/\/pos.uel.br\/direito-negocial\/?p=2751"},"modified":"2025-08-27T17:47:14","modified_gmt":"2025-08-27T20:47:14","slug":"ppgdn-uel-marca-presenca-na-semana-academica-internacional-de-direito-da-unicesumar-londrina","status":"publish","type":"post","link":"https:\/\/pos.uel.br\/direito-negocial\/sem-categoria\/2025\/08\/25\/ppgdn-uel-marca-presenca-na-semana-academica-internacional-de-direito-da-unicesumar-londrina\/","title":{"rendered":"PPGDN\/UEL marca presen\u00e7a na Semana Acad\u00eamica Internacional de Direito da UniCesumar Londrina"},"content":{"rendered":"\n<p>A <em>Semana Acad\u00eamica Internacional de Direito da UniCesumar Londrina<\/em> teve in\u00edcio no dia 25 de agosto e segue at\u00e9 esta sexta-feira (29\/08), reunindo palestrantes em torno de reflex\u00f5es sobre democracia e direito. O evento contou com a participa\u00e7\u00e3o de docentes e discentes do Programa de P\u00f3s-Gradua\u00e7\u00e3o em Direito Negocial da Universidade Estadual de Londrina (PPGDN), os quais trouxeram contribui\u00e7\u00f5es ao debate.<\/p>\n\n\n\n<p>No dia de abertura do evento (25\/08), o discente do Mestrado, <strong>Renato dos Santos Sant Anna<\/strong>, agregou \u00e0s atividades com o tema <em>\u201cPara Al\u00e9m das Urnas: Participa\u00e7\u00e3o Popular e o Fortalecimento da Democracia\u201d<\/em>, destacando a cidadania ativa e os mecanismos de participa\u00e7\u00e3o democr\u00e1tica para al\u00e9m do voto. Na sequ\u00eancia, no dia 26 de agosto, o professor e coordenador do PPGDN, <strong>Clodomiro Jos\u00e9 Bannwart J\u00fanior<\/strong>, apresentou a palestra <em>\u201cDireito e democracia na modernidade perif\u00e9rica\u201d<\/em>, refletindo sobre os paradigmas do Estado e do direito nos contextos europeu e brasileiro, marcados por desigualdades. Enfim, o ciclo se encerra na pr\u00f3xima sexta-feira (29), com a participa\u00e7\u00e3o da doutoranda, <strong>Jussara Romero Sanches<\/strong>, que conduzir\u00e1 o \u201c<em>1\u00ba Di\u00e1logos Jur\u00eddicos \u2013 Ciclo de Palestras\u201d<\/em>, consolidando a presen\u00e7a do Programa de P\u00f3s-Gradua\u00e7\u00e3o em Direito Negocial da UEL no evento enquanto concretiza\u00e7\u00e3o do di\u00e1logo interinstitucional. A professora da UniCesumar, <strong>Suzane de Fran\u00e7a Ribeiro<\/strong>, que \u00e9 doutoranda no PPGDN, e comp\u00f5e a comiss\u00e3o coordenadora do evento, destacou a import\u00e2ncia da participa\u00e7\u00e3o do PPGDN na<em> Semana Acad\u00eamica Internacional de Direito da UniCesumar Londrina.<\/em><\/p>\n\n\n\n<figure class=\"wp-block-image size-full is-resized\"><img loading=\"lazy\" decoding=\"async\" width=\"1280\" height=\"720\" src=\"https:\/\/pos.uel.br\/direito-negocial\/wp-content\/uploads\/2025\/08\/WhatsApp-Image-2025-08-27-at-16.20.20-1.jpeg\" alt=\"\" class=\"wp-image-2753\" style=\"width:1256px;height:auto\" srcset=\"https:\/\/pos.uel.br\/direito-negocial\/wp-content\/uploads\/2025\/08\/WhatsApp-Image-2025-08-27-at-16.20.20-1.jpeg 1280w, https:\/\/pos.uel.br\/direito-negocial\/wp-content\/uploads\/2025\/08\/WhatsApp-Image-2025-08-27-at-16.20.20-1-300x169.jpeg 300w, https:\/\/pos.uel.br\/direito-negocial\/wp-content\/uploads\/2025\/08\/WhatsApp-Image-2025-08-27-at-16.20.20-1-1024x576.jpeg 1024w, https:\/\/pos.uel.br\/direito-negocial\/wp-content\/uploads\/2025\/08\/WhatsApp-Image-2025-08-27-at-16.20.20-1-768x432.jpeg 768w\" sizes=\"auto, (max-width: 1280px) 100vw, 1280px\" \/><\/figure>\n\n\n\n<figure class=\"wp-block-gallery has-nested-images columns-5 is-cropped wp-block-gallery-1 is-layout-flex wp-block-gallery-is-layout-flex\">\n<figure class=\"wp-block-image size-full\"><img loading=\"lazy\" decoding=\"async\" width=\"900\" height=\"1600\" data-id=\"2755\" src=\"https:\/\/pos.uel.br\/direito-negocial\/wp-content\/uploads\/2025\/08\/WhatsApp-Image-2025-08-27-at-16.20.20.jpeg\" alt=\"\" class=\"wp-image-2755\" srcset=\"https:\/\/pos.uel.br\/direito-negocial\/wp-content\/uploads\/2025\/08\/WhatsApp-Image-2025-08-27-at-16.20.20.jpeg 900w, https:\/\/pos.uel.br\/direito-negocial\/wp-content\/uploads\/2025\/08\/WhatsApp-Image-2025-08-27-at-16.20.20-169x300.jpeg 169w, https:\/\/pos.uel.br\/direito-negocial\/wp-content\/uploads\/2025\/08\/WhatsApp-Image-2025-08-27-at-16.20.20-576x1024.jpeg 576w, https:\/\/pos.uel.br\/direito-negocial\/wp-content\/uploads\/2025\/08\/WhatsApp-Image-2025-08-27-at-16.20.20-768x1365.jpeg 768w, https:\/\/pos.uel.br\/direito-negocial\/wp-content\/uploads\/2025\/08\/WhatsApp-Image-2025-08-27-at-16.20.20-864x1536.jpeg 864w\" sizes=\"auto, (max-width: 900px) 100vw, 900px\" \/><\/figure>\n\n\n\n<figure class=\"wp-block-image size-full\"><img loading=\"lazy\" decoding=\"async\" width=\"1600\" height=\"900\" data-id=\"2756\" src=\"https:\/\/pos.uel.br\/direito-negocial\/wp-content\/uploads\/2025\/08\/WhatsApp-Image-2025-08-27-at-16.20.20-3.jpeg\" alt=\"\" class=\"wp-image-2756\" srcset=\"https:\/\/pos.uel.br\/direito-negocial\/wp-content\/uploads\/2025\/08\/WhatsApp-Image-2025-08-27-at-16.20.20-3.jpeg 1600w, https:\/\/pos.uel.br\/direito-negocial\/wp-content\/uploads\/2025\/08\/WhatsApp-Image-2025-08-27-at-16.20.20-3-300x169.jpeg 300w, https:\/\/pos.uel.br\/direito-negocial\/wp-content\/uploads\/2025\/08\/WhatsApp-Image-2025-08-27-at-16.20.20-3-1024x576.jpeg 1024w, https:\/\/pos.uel.br\/direito-negocial\/wp-content\/uploads\/2025\/08\/WhatsApp-Image-2025-08-27-at-16.20.20-3-768x432.jpeg 768w, https:\/\/pos.uel.br\/direito-negocial\/wp-content\/uploads\/2025\/08\/WhatsApp-Image-2025-08-27-at-16.20.20-3-1536x864.jpeg 1536w\" sizes=\"auto, (max-width: 1600px) 100vw, 1600px\" \/><\/figure>\n\n\n\n<figure class=\"wp-block-image size-full\"><img loading=\"lazy\" decoding=\"async\" width=\"1600\" height=\"900\" data-id=\"2754\" src=\"https:\/\/pos.uel.br\/direito-negocial\/wp-content\/uploads\/2025\/08\/WhatsApp-Image-2025-08-27-at-16.20.20-4.jpeg\" alt=\"\" class=\"wp-image-2754\" srcset=\"https:\/\/pos.uel.br\/direito-negocial\/wp-content\/uploads\/2025\/08\/WhatsApp-Image-2025-08-27-at-16.20.20-4.jpeg 1600w, https:\/\/pos.uel.br\/direito-negocial\/wp-content\/uploads\/2025\/08\/WhatsApp-Image-2025-08-27-at-16.20.20-4-300x169.jpeg 300w, https:\/\/pos.uel.br\/direito-negocial\/wp-content\/uploads\/2025\/08\/WhatsApp-Image-2025-08-27-at-16.20.20-4-1024x576.jpeg 1024w, https:\/\/pos.uel.br\/direito-negocial\/wp-content\/uploads\/2025\/08\/WhatsApp-Image-2025-08-27-at-16.20.20-4-768x432.jpeg 768w, https:\/\/pos.uel.br\/direito-negocial\/wp-content\/uploads\/2025\/08\/WhatsApp-Image-2025-08-27-at-16.20.20-4-1536x864.jpeg 1536w\" sizes=\"auto, (max-width: 1600px) 100vw, 1600px\" \/><\/figure>\n\n\n\n<figure class=\"wp-block-image size-full\"><img loading=\"lazy\" decoding=\"async\" width=\"1600\" height=\"900\" data-id=\"2752\" src=\"https:\/\/pos.uel.br\/direito-negocial\/wp-content\/uploads\/2025\/08\/WhatsApp-Image-2025-08-27-at-16.20.20-5.jpeg\" alt=\"\" class=\"wp-image-2752\" srcset=\"https:\/\/pos.uel.br\/direito-negocial\/wp-content\/uploads\/2025\/08\/WhatsApp-Image-2025-08-27-at-16.20.20-5.jpeg 1600w, https:\/\/pos.uel.br\/direito-negocial\/wp-content\/uploads\/2025\/08\/WhatsApp-Image-2025-08-27-at-16.20.20-5-300x169.jpeg 300w, https:\/\/pos.uel.br\/direito-negocial\/wp-content\/uploads\/2025\/08\/WhatsApp-Image-2025-08-27-at-16.20.20-5-1024x576.jpeg 1024w, https:\/\/pos.uel.br\/direito-negocial\/wp-content\/uploads\/2025\/08\/WhatsApp-Image-2025-08-27-at-16.20.20-5-768x432.jpeg 768w, https:\/\/pos.uel.br\/direito-negocial\/wp-content\/uploads\/2025\/08\/WhatsApp-Image-2025-08-27-at-16.20.20-5-1536x864.jpeg 1536w\" sizes=\"auto, (max-width: 1600px) 100vw, 1600px\" \/><\/figure>\n\n\n\n<figure class=\"wp-block-image size-full\"><img loading=\"lazy\" decoding=\"async\" width=\"900\" height=\"1600\" data-id=\"2757\" src=\"https:\/\/pos.uel.br\/direito-negocial\/wp-content\/uploads\/2025\/08\/WhatsApp-Image-2025-08-27-at-16.20.20-2.jpeg\" alt=\"\" class=\"wp-image-2757\" srcset=\"https:\/\/pos.uel.br\/direito-negocial\/wp-content\/uploads\/2025\/08\/WhatsApp-Image-2025-08-27-at-16.20.20-2.jpeg 900w, https:\/\/pos.uel.br\/direito-negocial\/wp-content\/uploads\/2025\/08\/WhatsApp-Image-2025-08-27-at-16.20.20-2-169x300.jpeg 169w, https:\/\/pos.uel.br\/direito-negocial\/wp-content\/uploads\/2025\/08\/WhatsApp-Image-2025-08-27-at-16.20.20-2-576x1024.jpeg 576w, https:\/\/pos.uel.br\/direito-negocial\/wp-content\/uploads\/2025\/08\/WhatsApp-Image-2025-08-27-at-16.20.20-2-768x1365.jpeg 768w, https:\/\/pos.uel.br\/direito-negocial\/wp-content\/uploads\/2025\/08\/WhatsApp-Image-2025-08-27-at-16.20.20-2-864x1536.jpeg 864w\" sizes=\"auto, (max-width: 900px) 100vw, 900px\" \/><\/figure>\n<\/figure>\n","protected":false},"excerpt":{"rendered":"<p>A Semana Acad\u00eamica Internacional de Direito da UniCesumar Londrina reuniu palestrantes em torno de reflex\u00f5es sobre democracia e direito. O evento contou com a participa\u00e7\u00e3o de docentes e discentes do Programa de P\u00f3s-Gradua\u00e7\u00e3o em Direito Negocial da Universidade Estadual de Londrina (PPGDN), os quais trouxeram contribui\u00e7\u00f5es ao debate.<\/p>\n","protected":false},"author":16,"featured_media":2753,"comment_status":"open","ping_status":"open","sticky":false,"template":"","format":"standard","meta":{"_acf_changed":false,"footnotes":""},"categories":[30,12,18,1],"tags":[],"class_list":["post-2751","post","type-post","status-publish","format-standard","has-post-thumbnail","hentry","category-eventos","category-noticias-ppgdn","category-registros","category-sem-categoria"],"acf":[],"_links":{"self":[{"href":"https:\/\/pos.uel.br\/direito-negocial\/wp-json\/wp\/v2\/posts\/2751","targetHints":{"allow":["GET"]}}],"collection":[{"href":"https:\/\/pos.uel.br\/direito-negocial\/wp-json\/wp\/v2\/posts"}],"about":[{"href":"https:\/\/pos.uel.br\/direito-negocial\/wp-json\/wp\/v2\/types\/post"}],"author":[{"embeddable":true,"href":"https:\/\/pos.uel.br\/direito-negocial\/wp-json\/wp\/v2\/users\/16"}],"replies":[{"embeddable":true,"href":"https:\/\/pos.uel.br\/direito-negocial\/wp-json\/wp\/v2\/comments?post=2751"}],"version-history":[{"count":1,"href":"https:\/\/pos.uel.br\/direito-negocial\/wp-json\/wp\/v2\/posts\/2751\/revisions"}],"predecessor-version":[{"id":2760,"href":"https:\/\/pos.uel.br\/direito-negocial\/wp-json\/wp\/v2\/posts\/2751\/revisions\/2760"}],"wp:featuredmedia":[{"embeddable":true,"href":"https:\/\/pos.uel.br\/direito-negocial\/wp-json\/wp\/v2\/media\/2753"}],"wp:attachment":[{"href":"https:\/\/pos.uel.br\/direito-negocial\/wp-json\/wp\/v2\/media?parent=2751"}],"wp:term":[{"taxonomy":"category","embeddable":true,"href":"https:\/\/pos.uel.br\/direito-negocial\/wp-json\/wp\/v2\/categories?post=2751"},{"taxonomy":"post_tag","embeddable":true,"href":"https:\/\/pos.uel.br\/direito-negocial\/wp-json\/wp\/v2\/tags?post=2751"}],"curies":[{"name":"wp","href":"https:\/\/api.w.org\/{rel}","templated":true}]}}