{"id":2745,"date":"2025-08-26T12:00:00","date_gmt":"2025-08-26T15:00:00","guid":{"rendered":"https:\/\/pos.uel.br\/direito-negocial\/?p=2745"},"modified":"2025-08-27T17:37:44","modified_gmt":"2025-08-27T20:37:44","slug":"evento-na-uel-conecta-inovacao-tradicao-e-desenvolvimento-economico-com-foco-na-propriedade-intelectual-e-a-cultura-da-seda","status":"publish","type":"post","link":"https:\/\/pos.uel.br\/direito-negocial\/noticias-ppgdn\/2025\/08\/26\/evento-na-uel-conecta-inovacao-tradicao-e-desenvolvimento-economico-com-foco-na-propriedade-intelectual-e-a-cultura-da-seda\/","title":{"rendered":"Evento na UEL conecta inova\u00e7\u00e3o, tradi\u00e7\u00e3o e desenvolvimento econ\u00f4mico com foco na Propriedade Intelectual e a Cultura da Seda"},"content":{"rendered":"\n<p>Na \u00faltima ter\u00e7a-feira, 26 de agosto de 2025, a Universidade Estadual de Londrina (UEL) sediou o evento <em>\u201cPropriedade Intelectual e a Cultura da Seda\u201d<\/em>, iniciativa que uniu direito, inova\u00e7\u00e3o e desenvolvimento econ\u00f4mico regional. A atividade foi organizada e conduzida pela doutoranda do Programa de P\u00f3s-Gradua\u00e7\u00e3o em Direito Negocial da UEL (PPGDN), Temis Chenso Pedroso, que refor\u00e7ou o protagonismo acad\u00eamico do PPGDN e da institui\u00e7\u00e3o na promo\u00e7\u00e3o do di\u00e1logo entre universidade e mercado.<\/p>\n\n\n\n<p>Realizado em parceria com a Associa\u00e7\u00e3o Brasileira da Propriedade Intelectual (ABPI) e a Associa\u00e7\u00e3o Brasileira dos Agentes da Propriedade Industrial \u2013 Seccional Sul (ABAPISUL), o encontro contou com palestras sobre Direito da Moda, Patentes Acad\u00eamicas e Marcas &amp; Inova\u00e7\u00e3o, com a participa\u00e7\u00e3o de professores, pesquisadores e profissionais da \u00e1rea de propriedade intelectual.<\/p>\n\n\n\n<p>O evento promoveu um rico debate sobre a cadeia produtiva do bicho-da-seda, as pesquisas em andamento na universidade e as iniciativas empresariais e institucionais relacionadas ao setor. Na sequ\u00eancia, os participantes realizaram uma visita t\u00e9cnica \u00e0 ind\u00fastria BRATAC, refer\u00eancia mundial na produ\u00e7\u00e3o de fios de seda, que abastece as grandes marcas da moda de luxo, como Herm\u00e8s e Chanel, o que proporciona a aproxima\u00e7\u00e3o entre pesquisa acad\u00eamica e mercado internacional.<\/p>\n\n\n\n<p>Por fim, o encontro demonstrou que os profissionais da \u00e1rea da propriedade intelectual est\u00e3o dialogando com as tradi\u00e7\u00f5es regionais e contribuindo para o fortalecimento econ\u00f4mico, ao passo que reafirma o papel da Universidade Estadual de Londrina (UEL), por meio do Programa de P\u00f3s-Gradua\u00e7\u00e3o em Direito Negocial, na articula\u00e7\u00e3o de saberes e pr\u00e1ticas que aproximam direito, inova\u00e7\u00e3o e o mercado regional.<\/p>\n\n\n\n<figure class=\"wp-block-gallery has-nested-images columns-default is-cropped wp-block-gallery-1 is-layout-flex wp-block-gallery-is-layout-flex\">\n<figure class=\"wp-block-image size-large\"><img loading=\"lazy\" decoding=\"async\" width=\"1024\" height=\"768\" data-id=\"2747\" src=\"https:\/\/pos.uel.br\/direito-negocial\/wp-content\/uploads\/2025\/08\/downloadgram.org_539395853_18522249436001062_7622936928427450003_n-1024x768.jpg\" alt=\"\" class=\"wp-image-2747\" srcset=\"https:\/\/pos.uel.br\/direito-negocial\/wp-content\/uploads\/2025\/08\/downloadgram.org_539395853_18522249436001062_7622936928427450003_n-1024x768.jpg 1024w, https:\/\/pos.uel.br\/direito-negocial\/wp-content\/uploads\/2025\/08\/downloadgram.org_539395853_18522249436001062_7622936928427450003_n-300x225.jpg 300w, https:\/\/pos.uel.br\/direito-negocial\/wp-content\/uploads\/2025\/08\/downloadgram.org_539395853_18522249436001062_7622936928427450003_n-768x576.jpg 768w, https:\/\/pos.uel.br\/direito-negocial\/wp-content\/uploads\/2025\/08\/downloadgram.org_539395853_18522249436001062_7622936928427450003_n.jpg 1080w\" sizes=\"auto, (max-width: 1024px) 100vw, 1024px\" \/><\/figure>\n\n\n\n<figure class=\"wp-block-image size-large\"><img loading=\"lazy\" decoding=\"async\" width=\"1024\" height=\"768\" data-id=\"2746\" src=\"https:\/\/pos.uel.br\/direito-negocial\/wp-content\/uploads\/2025\/08\/downloadgram.org_539596239_18522249424001062_5607024429773877343_n-1024x768.jpg\" alt=\"\" class=\"wp-image-2746\" srcset=\"https:\/\/pos.uel.br\/direito-negocial\/wp-content\/uploads\/2025\/08\/downloadgram.org_539596239_18522249424001062_5607024429773877343_n-1024x768.jpg 1024w, https:\/\/pos.uel.br\/direito-negocial\/wp-content\/uploads\/2025\/08\/downloadgram.org_539596239_18522249424001062_5607024429773877343_n-300x225.jpg 300w, https:\/\/pos.uel.br\/direito-negocial\/wp-content\/uploads\/2025\/08\/downloadgram.org_539596239_18522249424001062_5607024429773877343_n-768x576.jpg 768w, https:\/\/pos.uel.br\/direito-negocial\/wp-content\/uploads\/2025\/08\/downloadgram.org_539596239_18522249424001062_5607024429773877343_n.jpg 1080w\" sizes=\"auto, (max-width: 1024px) 100vw, 1024px\" \/><\/figure>\n<\/figure>\n","protected":false},"excerpt":{"rendered":"<p>A Universidade Estadual de Londrina (UEL) sediou o evento \u201cPropriedade Intelectual e a Cultura da Seda\u201d, iniciativa que uniu direito, inova\u00e7\u00e3o e desenvolvimento econ\u00f4mico regional. A atividade foi organizada e conduzida pela doutoranda do Programa de P\u00f3s-Gradua\u00e7\u00e3o em Direito Negocial da UEL (PPGDN), Temis Chenso Pedroso.<\/p>\n","protected":false},"author":16,"featured_media":2747,"comment_status":"open","ping_status":"open","sticky":false,"template":"","format":"standard","meta":{"_acf_changed":false,"footnotes":""},"categories":[28,30,12,18],"tags":[],"class_list":["post-2745","post","type-post","status-publish","format-standard","has-post-thumbnail","hentry","category-destaque-discente","category-eventos","category-noticias-ppgdn","category-registros"],"acf":[],"_links":{"self":[{"href":"https:\/\/pos.uel.br\/direito-negocial\/wp-json\/wp\/v2\/posts\/2745","targetHints":{"allow":["GET"]}}],"collection":[{"href":"https:\/\/pos.uel.br\/direito-negocial\/wp-json\/wp\/v2\/posts"}],"about":[{"href":"https:\/\/pos.uel.br\/direito-negocial\/wp-json\/wp\/v2\/types\/post"}],"author":[{"embeddable":true,"href":"https:\/\/pos.uel.br\/direito-negocial\/wp-json\/wp\/v2\/users\/16"}],"replies":[{"embeddable":true,"href":"https:\/\/pos.uel.br\/direito-negocial\/wp-json\/wp\/v2\/comments?post=2745"}],"version-history":[{"count":1,"href":"https:\/\/pos.uel.br\/direito-negocial\/wp-json\/wp\/v2\/posts\/2745\/revisions"}],"predecessor-version":[{"id":2748,"href":"https:\/\/pos.uel.br\/direito-negocial\/wp-json\/wp\/v2\/posts\/2745\/revisions\/2748"}],"wp:featuredmedia":[{"embeddable":true,"href":"https:\/\/pos.uel.br\/direito-negocial\/wp-json\/wp\/v2\/media\/2747"}],"wp:attachment":[{"href":"https:\/\/pos.uel.br\/direito-negocial\/wp-json\/wp\/v2\/media?parent=2745"}],"wp:term":[{"taxonomy":"category","embeddable":true,"href":"https:\/\/pos.uel.br\/direito-negocial\/wp-json\/wp\/v2\/categories?post=2745"},{"taxonomy":"post_tag","embeddable":true,"href":"https:\/\/pos.uel.br\/direito-negocial\/wp-json\/wp\/v2\/tags?post=2745"}],"curies":[{"name":"wp","href":"https:\/\/api.w.org\/{rel}","templated":true}]}}