{"id":2666,"date":"2025-08-20T10:52:55","date_gmt":"2025-08-20T13:52:55","guid":{"rendered":"https:\/\/pos.uel.br\/direito-negocial\/?p=2666"},"modified":"2025-08-26T10:55:19","modified_gmt":"2025-08-26T13:55:19","slug":"projeto-da-uel-leva-conscientizacao-juridica-sobre-bullying-a-escolas-publicas","status":"publish","type":"post","link":"https:\/\/pos.uel.br\/direito-negocial\/noticias-ppgdn\/2025\/08\/20\/projeto-da-uel-leva-conscientizacao-juridica-sobre-bullying-a-escolas-publicas\/","title":{"rendered":"Projeto da UEL leva conscientiza\u00e7\u00e3o jur\u00eddica sobre bullying a escolas p\u00fablicas"},"content":{"rendered":"\n<p>Iniciativa das mestrandas Josiane Caxa e Priscila Silva busca transformar a dor da agress\u00e3o em aprendizado e preven\u00e7\u00e3o<\/p>\n\n\n\n<p>A apresentadora Patr\u00edcia Chiosi recebeu, em entrevista, as mestrandas da Universidade Estadual de Londrina (UEL) Josiane Caxa e Priscila Silva para falar sobre o projeto de conscientiza\u00e7\u00e3o jur\u00eddica voltado ao combate ao bullying nas escolas. A proposta tem como diferencial a tradu\u00e7\u00e3o de conceitos jur\u00eddicos de forma simples e acess\u00edvel, aproximando o Direito do cotidiano escolar e promovendo o di\u00e1logo entre alunos, professores e comunidade.<\/p>\n\n\n\n<p>O projeto realiza palestras em escolas p\u00fablicas de Londrina e regi\u00e3o, abordando os impactos do bullying, que v\u00eam sendo potencializados pelo uso da internet e das redes sociais. Mais do que alertar sobre os riscos, a iniciativa busca ressignificar a dor vivida por v\u00edtimas de agress\u00f5es, incentivando a supera\u00e7\u00e3o e criando estrat\u00e9gias coletivas de preven\u00e7\u00e3o.<\/p>\n\n\n\n<p>Segundo as pesquisadoras, a conscientiza\u00e7\u00e3o jur\u00eddica tem papel fundamental para enfrentar a viol\u00eancia escolar e reduzir situa\u00e7\u00f5es extremas, como os massacres em escolas \u2014 um problema que preocupa cada vez mais a sociedade brasileira. \u201cNosso compromisso \u00e9 mostrar que a informa\u00e7\u00e3o pode transformar realidades e que a educa\u00e7\u00e3o \u00e9 uma ferramenta poderosa na constru\u00e7\u00e3o de ambientes mais seguros e acolhedores\u201d, destacaram.<\/p>\n\n\n\n<p>Link da entrevista: <a href=\"https:\/\/taroba.com.br\/taroba-cidade-londrina\/projeto-da-uel-leva-palestras-sobre-bullying-a-escolas-publicas-de-londrina\">https:\/\/taroba.com.br\/taroba-cidade-londrina\/projeto-da-uel-leva-palestras-sobre-bullying-a-escolas-publicas-de-londrina<\/a><\/p>\n\n\n<div class=\"wp-block-image\">\n<figure class=\"aligncenter size-large\"><img loading=\"lazy\" decoding=\"async\" width=\"1024\" height=\"723\" src=\"https:\/\/pos.uel.br\/direito-negocial\/wp-content\/uploads\/2025\/08\/WhatsApp-Image-2025-08-26-at-10.16.59-1024x723.jpeg\" alt=\"\" class=\"wp-image-2662\" srcset=\"https:\/\/pos.uel.br\/direito-negocial\/wp-content\/uploads\/2025\/08\/WhatsApp-Image-2025-08-26-at-10.16.59-1024x723.jpeg 1024w, https:\/\/pos.uel.br\/direito-negocial\/wp-content\/uploads\/2025\/08\/WhatsApp-Image-2025-08-26-at-10.16.59-300x212.jpeg 300w, https:\/\/pos.uel.br\/direito-negocial\/wp-content\/uploads\/2025\/08\/WhatsApp-Image-2025-08-26-at-10.16.59-768x542.jpeg 768w, https:\/\/pos.uel.br\/direito-negocial\/wp-content\/uploads\/2025\/08\/WhatsApp-Image-2025-08-26-at-10.16.59-1536x1084.jpeg 1536w, https:\/\/pos.uel.br\/direito-negocial\/wp-content\/uploads\/2025\/08\/WhatsApp-Image-2025-08-26-at-10.16.59.jpeg 1600w\" sizes=\"auto, (max-width: 1024px) 100vw, 1024px\" \/><\/figure>\n<\/div>","protected":false},"excerpt":{"rendered":"<p>Iniciativa das mestrandas Josiane Caxa e Priscila Silva busca transformar a dor da agress\u00e3o em aprendizado e preven\u00e7\u00e3o A apresentadora Patr\u00edcia Chiosi recebeu, em entrevista, as mestrandas da Universidade Estadual de Londrina (UEL) Josiane Caxa e Priscila Silva para falar sobre o projeto de conscientiza\u00e7\u00e3o jur\u00eddica voltado ao combate ao bullying nas escolas. A proposta [&hellip;]<\/p>\n","protected":false},"author":16,"featured_media":2662,"comment_status":"open","ping_status":"open","sticky":false,"template":"","format":"standard","meta":{"_acf_changed":false,"footnotes":""},"categories":[28,29,12,27],"tags":[],"class_list":["post-2666","post","type-post","status-publish","format-standard","has-post-thumbnail","hentry","category-destaque-discente","category-noticias-externas","category-noticias-ppgdn","category-projetos"],"acf":[],"_links":{"self":[{"href":"https:\/\/pos.uel.br\/direito-negocial\/wp-json\/wp\/v2\/posts\/2666","targetHints":{"allow":["GET"]}}],"collection":[{"href":"https:\/\/pos.uel.br\/direito-negocial\/wp-json\/wp\/v2\/posts"}],"about":[{"href":"https:\/\/pos.uel.br\/direito-negocial\/wp-json\/wp\/v2\/types\/post"}],"author":[{"embeddable":true,"href":"https:\/\/pos.uel.br\/direito-negocial\/wp-json\/wp\/v2\/users\/16"}],"replies":[{"embeddable":true,"href":"https:\/\/pos.uel.br\/direito-negocial\/wp-json\/wp\/v2\/comments?post=2666"}],"version-history":[{"count":1,"href":"https:\/\/pos.uel.br\/direito-negocial\/wp-json\/wp\/v2\/posts\/2666\/revisions"}],"predecessor-version":[{"id":2667,"href":"https:\/\/pos.uel.br\/direito-negocial\/wp-json\/wp\/v2\/posts\/2666\/revisions\/2667"}],"wp:featuredmedia":[{"embeddable":true,"href":"https:\/\/pos.uel.br\/direito-negocial\/wp-json\/wp\/v2\/media\/2662"}],"wp:attachment":[{"href":"https:\/\/pos.uel.br\/direito-negocial\/wp-json\/wp\/v2\/media?parent=2666"}],"wp:term":[{"taxonomy":"category","embeddable":true,"href":"https:\/\/pos.uel.br\/direito-negocial\/wp-json\/wp\/v2\/categories?post=2666"},{"taxonomy":"post_tag","embeddable":true,"href":"https:\/\/pos.uel.br\/direito-negocial\/wp-json\/wp\/v2\/tags?post=2666"}],"curies":[{"name":"wp","href":"https:\/\/api.w.org\/{rel}","templated":true}]}}