{"id":2657,"date":"2025-08-26T10:44:54","date_gmt":"2025-08-26T13:44:54","guid":{"rendered":"https:\/\/pos.uel.br\/direito-negocial\/?p=2657"},"modified":"2025-08-26T11:15:11","modified_gmt":"2025-08-26T14:15:11","slug":"ppgdn-uel-celebra-lancamento-de-obra-cientifica-e-homenageia-servidor-pelos-50-anos-de-dedicacao","status":"publish","type":"post","link":"https:\/\/pos.uel.br\/direito-negocial\/noticias-ppgdn\/2025\/08\/26\/ppgdn-uel-celebra-lancamento-de-obra-cientifica-e-homenageia-servidor-pelos-50-anos-de-dedicacao\/","title":{"rendered":"PPGDN\/UEL celebra lan\u00e7amento de obra cient\u00edfica e homenageia servidor pelos 50 anos de dedica\u00e7\u00e3o"},"content":{"rendered":"\n<p>O Programa de P\u00f3s-Gradua\u00e7\u00e3o em Direito da Universidade Estadual de Londrina (PPGDN\/UEL) realizou, em uma manh\u00e3 marcada por celebra\u00e7\u00e3o e confraterniza\u00e7\u00e3o, o lan\u00e7amento da obra coletiva \u201cContratualiza\u00e7\u00e3o das Rela\u00e7\u00f5es Familiares e Sucess\u00f3rias\u201d, organizada pelo mestre Matheus Queiroz e coordenada pelas professoras Daniela Paiano e Rita Tarifa Espolador. A obra \u00e9 fruto do Projeto de Pesquisa com o mesmo nome que \u00e9 coordenado pela Profa. Dra. Daniela B. Paiano e conta com artigos dos colaboradores e pesquisadores do grupo, sendo egressos, discentes e docentes do programa.<\/p>\n\n\n\n<p>A publica\u00e7\u00e3o representa uma contribui\u00e7\u00e3o cient\u00edfica de grande relev\u00e2ncia para o Direito de Fam\u00edlia e Sucess\u00f5es, ao reunir reflex\u00f5es cr\u00edticas e atuais sobre a tem\u00e1tica da contratualiza\u00e7\u00e3o, dialogando com os novos desafios jur\u00eddicos da sociedade contempor\u00e2nea. O livro consolida a for\u00e7a da produ\u00e7\u00e3o acad\u00eamica do PPGDN e reafirma o compromisso do programa com a inova\u00e7\u00e3o e o desenvolvimento do conhecimento jur\u00eddico.<\/p>\n\n\n\n<p>Al\u00e9m do lan\u00e7amento, o evento foi marcado por uma emocionante homenagem ao servidor Francisco Carlos Navarro, que h\u00e1 50 anos dedica sua trajet\u00f3ria profissional aos programas de p\u00f3s-gradua\u00e7\u00e3o stricto sensu do CESA\/UEL, sendo considerado parte fundamental da hist\u00f3ria dos programas.<\/p>\n\n\n\n<p>O encontro contou ainda com momentos de integra\u00e7\u00e3o, caf\u00e9, m\u00fasica e palestras, refor\u00e7ando a import\u00e2ncia da colabora\u00e7\u00e3o e do esp\u00edrito coletivo que caracterizam o PPGDN.<\/p>\n\n\n\n<p>O Programa destaca que conquistas como essa s\u00e3o resultado do empenho conjunto de professores, alunos, egressos e colaboradores, e agradece a todos que contribu\u00edram para tornar a celebra\u00e7\u00e3o inesquec\u00edvel.<\/p>\n\n\n\n<figure class=\"wp-block-gallery has-nested-images columns-default is-cropped wp-block-gallery-1 is-layout-flex wp-block-gallery-is-layout-flex\">\n<figure class=\"wp-block-image size-large\"><img loading=\"lazy\" decoding=\"async\" width=\"1024\" height=\"768\" data-id=\"2659\" src=\"https:\/\/pos.uel.br\/direito-negocial\/wp-content\/uploads\/2025\/08\/WhatsApp-Image-2025-08-25-at-13.39.16-1024x768-1.jpeg\" alt=\"\" class=\"wp-image-2659\" srcset=\"https:\/\/pos.uel.br\/direito-negocial\/wp-content\/uploads\/2025\/08\/WhatsApp-Image-2025-08-25-at-13.39.16-1024x768-1.jpeg 1024w, https:\/\/pos.uel.br\/direito-negocial\/wp-content\/uploads\/2025\/08\/WhatsApp-Image-2025-08-25-at-13.39.16-1024x768-1-300x225.jpeg 300w, https:\/\/pos.uel.br\/direito-negocial\/wp-content\/uploads\/2025\/08\/WhatsApp-Image-2025-08-25-at-13.39.16-1024x768-1-768x576.jpeg 768w\" sizes=\"auto, (max-width: 1024px) 100vw, 1024px\" \/><\/figure>\n\n\n\n<figure class=\"wp-block-image size-large\"><img loading=\"lazy\" decoding=\"async\" width=\"1024\" height=\"768\" data-id=\"2658\" src=\"https:\/\/pos.uel.br\/direito-negocial\/wp-content\/uploads\/2025\/08\/WhatsApp-Image-2025-08-25-at-13.39.15-1024x768-1.jpeg\" alt=\"\" class=\"wp-image-2658\" srcset=\"https:\/\/pos.uel.br\/direito-negocial\/wp-content\/uploads\/2025\/08\/WhatsApp-Image-2025-08-25-at-13.39.15-1024x768-1.jpeg 1024w, https:\/\/pos.uel.br\/direito-negocial\/wp-content\/uploads\/2025\/08\/WhatsApp-Image-2025-08-25-at-13.39.15-1024x768-1-300x225.jpeg 300w, https:\/\/pos.uel.br\/direito-negocial\/wp-content\/uploads\/2025\/08\/WhatsApp-Image-2025-08-25-at-13.39.15-1024x768-1-768x576.jpeg 768w\" sizes=\"auto, (max-width: 1024px) 100vw, 1024px\" \/><\/figure>\n<\/figure>\n\n\n\n<p class=\"has-text-align-right\">Fonte: Comunica\u00e7\u00e3o PPGDN-UEL<\/p>\n\n\n\n\n\n\n\n<p><\/p>\n","protected":false},"excerpt":{"rendered":"<p>O Programa de P\u00f3s-Gradua\u00e7\u00e3o em Direito da Universidade Estadual de Londrina (PPGDN\/UEL) realizou, em uma manh\u00e3 marcada por celebra\u00e7\u00e3o e confraterniza\u00e7\u00e3o, o lan\u00e7amento da obra coletiva \u201cContratualiza\u00e7\u00e3o das Rela\u00e7\u00f5es Familiares e Sucess\u00f3rias\u201d, organizada pelo mestre Matheus Queiroz e coordenada pelas professoras Daniela Paiano e Rita Tarifa Espolador. A obra \u00e9 fruto do Projeto de Pesquisa [&hellip;]<\/p>\n","protected":false},"author":16,"featured_media":2659,"comment_status":"open","ping_status":"open","sticky":false,"template":"","format":"standard","meta":{"_acf_changed":false,"footnotes":""},"categories":[17,19,12,18],"tags":[24,26,22,23,25],"class_list":["post-2657","post","type-post","status-publish","format-standard","has-post-thumbnail","hentry","category-departamento","category-lancamentos","category-noticias-ppgdn","category-registros","tag-daniela-paiano","tag-evento","tag-homenagem","tag-lancamento","tag-rita-tarifa"],"acf":[],"_links":{"self":[{"href":"https:\/\/pos.uel.br\/direito-negocial\/wp-json\/wp\/v2\/posts\/2657","targetHints":{"allow":["GET"]}}],"collection":[{"href":"https:\/\/pos.uel.br\/direito-negocial\/wp-json\/wp\/v2\/posts"}],"about":[{"href":"https:\/\/pos.uel.br\/direito-negocial\/wp-json\/wp\/v2\/types\/post"}],"author":[{"embeddable":true,"href":"https:\/\/pos.uel.br\/direito-negocial\/wp-json\/wp\/v2\/users\/16"}],"replies":[{"embeddable":true,"href":"https:\/\/pos.uel.br\/direito-negocial\/wp-json\/wp\/v2\/comments?post=2657"}],"version-history":[{"count":7,"href":"https:\/\/pos.uel.br\/direito-negocial\/wp-json\/wp\/v2\/posts\/2657\/revisions"}],"predecessor-version":[{"id":2674,"href":"https:\/\/pos.uel.br\/direito-negocial\/wp-json\/wp\/v2\/posts\/2657\/revisions\/2674"}],"wp:featuredmedia":[{"embeddable":true,"href":"https:\/\/pos.uel.br\/direito-negocial\/wp-json\/wp\/v2\/media\/2659"}],"wp:attachment":[{"href":"https:\/\/pos.uel.br\/direito-negocial\/wp-json\/wp\/v2\/media?parent=2657"}],"wp:term":[{"taxonomy":"category","embeddable":true,"href":"https:\/\/pos.uel.br\/direito-negocial\/wp-json\/wp\/v2\/categories?post=2657"},{"taxonomy":"post_tag","embeddable":true,"href":"https:\/\/pos.uel.br\/direito-negocial\/wp-json\/wp\/v2\/tags?post=2657"}],"curies":[{"name":"wp","href":"https:\/\/api.w.org\/{rel}","templated":true}]}}