{"id":2586,"date":"2025-08-20T17:18:25","date_gmt":"2025-08-20T20:18:25","guid":{"rendered":"https:\/\/pos.uel.br\/direito-negocial\/?p=2586"},"modified":"2025-08-26T10:52:45","modified_gmt":"2025-08-26T13:52:45","slug":"projeto-leva-conceitos-juridicos-sobre-bullying-e-cyberbullying-as-escolas-de-londrina","status":"publish","type":"post","link":"https:\/\/pos.uel.br\/direito-negocial\/noticias-ppgdn\/2025\/08\/20\/projeto-leva-conceitos-juridicos-sobre-bullying-e-cyberbullying-as-escolas-de-londrina\/","title":{"rendered":"Projeto leva conceitos jur\u00eddicos sobre bullying e cyberbullying \u00e0s escolas de Londrina"},"content":{"rendered":"\n<p>Conscientizar a comunidade escolar sobre condutas e atitudes caracterizadas como intimida\u00e7\u00e3o sistem\u00e1tica, atuando de forma preventiva em torno de uma realidade social tratada por diversas leis e normativas, e que possui uma lei pr\u00f3pria h\u00e1 muito pouco tempo. Este \u00e9 o objetivo do projeto de extens\u00e3o Linguagem Jur\u00eddica Simples, sediado no Departamento de Direito Privado da UEL (CESA), que tem entre suas a\u00e7\u00f5es a realiza\u00e7\u00e3o de palestras sobre bullying e <a href=\"https:\/\/operobal.uel.br\/ccb\/2024\/01\/18\/estudo-identifica-perfis-recorrentes-envolvidos-em-casos-de-cyberbullying\/\" target=\"_blank\" rel=\"noreferrer noopener\">cyberbullying<\/a> para os estudantes dos ensinos Fundamental II e M\u00e9dio.<\/p>\n\n\n<div class=\"wp-block-image\">\n<figure class=\"aligncenter size-full\"><img loading=\"lazy\" decoding=\"async\" width=\"1024\" height=\"683\" src=\"https:\/\/pos.uel.br\/direito-negocial\/wp-content\/uploads\/2025\/08\/JULIANA-E-ROMULO-1024x683-1.jpg\" alt=\"\" class=\"wp-image-2664\" srcset=\"https:\/\/pos.uel.br\/direito-negocial\/wp-content\/uploads\/2025\/08\/JULIANA-E-ROMULO-1024x683-1.jpg 1024w, https:\/\/pos.uel.br\/direito-negocial\/wp-content\/uploads\/2025\/08\/JULIANA-E-ROMULO-1024x683-1-300x200.jpg 300w, https:\/\/pos.uel.br\/direito-negocial\/wp-content\/uploads\/2025\/08\/JULIANA-E-ROMULO-1024x683-1-768x512.jpg 768w\" sizes=\"auto, (max-width: 1024px) 100vw, 1024px\" \/><figcaption class=\"wp-element-caption\"><em>A professora do CESA Juliana Nakayama e o criminalista e professor de Direito Romulo Ara\u00fajo est\u00e3o envolvidos com o projeto de extens\u00e3o Linguagem Jur\u00eddica Simples. (Foto: Ag\u00eancia UEL).<\/em><\/figcaption><\/figure>\n<\/div>\n\n\n<figure class=\"wp-block-embed aligncenter is-type-wp-embed is-provider-o-perobal-uel wp-block-embed-o-perobal-uel\"><div class=\"wp-block-embed__wrapper\">\n<blockquote class=\"wp-embedded-content\" data-secret=\"dC9XPsbPBG\"><a href=\"https:\/\/operobal.uel.br\/institucional\/2025\/08\/20\/projeto-leva-conceitos-juridicos-sobre-bullying-e-cyberbullying-as-escolas-de-londrina\/\">Projeto leva conceitos jur\u00eddicos sobre bullying e cyberbullying \u00e0s escolas de Londrina\u00a0<\/a><\/blockquote><iframe loading=\"lazy\" class=\"wp-embedded-content\" sandbox=\"allow-scripts\" security=\"restricted\" style=\"position: absolute; visibility: hidden;\" title=\"&#8220;Projeto leva conceitos jur\u00eddicos sobre bullying e cyberbullying \u00e0s escolas de Londrina\u00a0&#8221; &#8212; O Perobal - UEL\" src=\"https:\/\/operobal.uel.br\/institucional\/2025\/08\/20\/projeto-leva-conceitos-juridicos-sobre-bullying-e-cyberbullying-as-escolas-de-londrina\/embed\/#?secret=8ZSmaFc8VF#?secret=dC9XPsbPBG\" data-secret=\"dC9XPsbPBG\" width=\"600\" height=\"338\" frameborder=\"0\" marginwidth=\"0\" marginheight=\"0\" scrolling=\"no\"><\/iframe>\n<\/div><\/figure>\n\n\n\n<p><\/p>\n","protected":false},"excerpt":{"rendered":"<p>Projeto de extens\u00e3o Linguagem Jur\u00eddica Simples realiza palestras sobre bullying e cyberbullying para os estudantes dos ensinos Fundamental II e M\u00e9dio.<\/p>\n","protected":false},"author":16,"featured_media":2664,"comment_status":"open","ping_status":"open","sticky":false,"template":"","format":"standard","meta":{"_acf_changed":false,"footnotes":""},"categories":[17,12,20],"tags":[],"class_list":["post-2586","post","type-post","status-publish","format-standard","has-post-thumbnail","hentry","category-departamento","category-noticias-ppgdn","category-o-perobal"],"acf":[],"_links":{"self":[{"href":"https:\/\/pos.uel.br\/direito-negocial\/wp-json\/wp\/v2\/posts\/2586","targetHints":{"allow":["GET"]}}],"collection":[{"href":"https:\/\/pos.uel.br\/direito-negocial\/wp-json\/wp\/v2\/posts"}],"about":[{"href":"https:\/\/pos.uel.br\/direito-negocial\/wp-json\/wp\/v2\/types\/post"}],"author":[{"embeddable":true,"href":"https:\/\/pos.uel.br\/direito-negocial\/wp-json\/wp\/v2\/users\/16"}],"replies":[{"embeddable":true,"href":"https:\/\/pos.uel.br\/direito-negocial\/wp-json\/wp\/v2\/comments?post=2586"}],"version-history":[{"count":7,"href":"https:\/\/pos.uel.br\/direito-negocial\/wp-json\/wp\/v2\/posts\/2586\/revisions"}],"predecessor-version":[{"id":2665,"href":"https:\/\/pos.uel.br\/direito-negocial\/wp-json\/wp\/v2\/posts\/2586\/revisions\/2665"}],"wp:featuredmedia":[{"embeddable":true,"href":"https:\/\/pos.uel.br\/direito-negocial\/wp-json\/wp\/v2\/media\/2664"}],"wp:attachment":[{"href":"https:\/\/pos.uel.br\/direito-negocial\/wp-json\/wp\/v2\/media?parent=2586"}],"wp:term":[{"taxonomy":"category","embeddable":true,"href":"https:\/\/pos.uel.br\/direito-negocial\/wp-json\/wp\/v2\/categories?post=2586"},{"taxonomy":"post_tag","embeddable":true,"href":"https:\/\/pos.uel.br\/direito-negocial\/wp-json\/wp\/v2\/tags?post=2586"}],"curies":[{"name":"wp","href":"https:\/\/api.w.org\/{rel}","templated":true}]}}