{"id":804,"date":"2021-09-24T11:36:34","date_gmt":"2021-09-24T14:36:34","guid":{"rendered":"https:\/\/pos.uel.br\/biologicas\/?p=804"},"modified":"2021-09-24T11:36:34","modified_gmt":"2021-09-24T14:36:34","slug":"editais-de-selecao-mestrado-e-doutorado","status":"publish","type":"post","link":"https:\/\/pos.uel.br\/biologicas\/sem-categoria\/2021\/09\/24\/editais-de-selecao-mestrado-e-doutorado\/","title":{"rendered":"Editais de Sele\u00e7\u00e3o Mestrado e Doutorado"},"content":{"rendered":"\n<p>Os editais do processo de sele\u00e7\u00e3o para o Mestrado e Doutorado ser\u00e3o divulgados em breve, no dia 1\u00ba de outubro. As inscri\u00e7\u00f5es ter\u00e3o in\u00edcio em 22 de outubro. Fiquem atentos ao nosso site! <\/p>\n","protected":false},"excerpt":{"rendered":"<p>Os editais do processo de sele\u00e7\u00e3o para o Mestrado e Doutorado ser\u00e3o divulgados em breve, no dia 1\u00ba de outubro. As inscri\u00e7\u00f5es ter\u00e3o in\u00edcio em 22 de outubro. Fiquem atentos ao nosso site!<\/p>\n","protected":false},"author":10,"featured_media":0,"comment_status":"open","ping_status":"open","sticky":false,"template":"","format":"standard","meta":{"footnotes":""},"categories":[1],"tags":[],"class_list":["post-804","post","type-post","status-publish","format-standard","hentry","category-sem-categoria"],"acf":[],"_links":{"self":[{"href":"https:\/\/pos.uel.br\/biologicas\/wp-json\/wp\/v2\/posts\/804","targetHints":{"allow":["GET"]}}],"collection":[{"href":"https:\/\/pos.uel.br\/biologicas\/wp-json\/wp\/v2\/posts"}],"about":[{"href":"https:\/\/pos.uel.br\/biologicas\/wp-json\/wp\/v2\/types\/post"}],"author":[{"embeddable":true,"href":"https:\/\/pos.uel.br\/biologicas\/wp-json\/wp\/v2\/users\/10"}],"replies":[{"embeddable":true,"href":"https:\/\/pos.uel.br\/biologicas\/wp-json\/wp\/v2\/comments?post=804"}],"version-history":[{"count":1,"href":"https:\/\/pos.uel.br\/biologicas\/wp-json\/wp\/v2\/posts\/804\/revisions"}],"predecessor-version":[{"id":805,"href":"https:\/\/pos.uel.br\/biologicas\/wp-json\/wp\/v2\/posts\/804\/revisions\/805"}],"wp:attachment":[{"href":"https:\/\/pos.uel.br\/biologicas\/wp-json\/wp\/v2\/media?parent=804"}],"wp:term":[{"taxonomy":"category","embeddable":true,"href":"https:\/\/pos.uel.br\/biologicas\/wp-json\/wp\/v2\/categories?post=804"},{"taxonomy":"post_tag","embeddable":true,"href":"https:\/\/pos.uel.br\/biologicas\/wp-json\/wp\/v2\/tags?post=804"}],"curies":[{"name":"wp","href":"https:\/\/api.w.org\/{rel}","templated":true}]}}