{"id":1462,"date":"2022-11-30T14:31:22","date_gmt":"2022-11-30T17:31:22","guid":{"rendered":"https:\/\/pos.uel.br\/biologicas\/?p=1462"},"modified":"2022-11-30T14:31:22","modified_gmt":"2022-11-30T17:31:22","slug":"rematricula-3","status":"publish","type":"post","link":"https:\/\/pos.uel.br\/biologicas\/sem-categoria\/2022\/11\/30\/rematricula-3\/","title":{"rendered":"Rematr\u00edcula"},"content":{"rendered":"\n<p>O per\u00edodo para a rematr\u00edcula obrigat\u00f3ria pelo Portal do Estudante vai de 5 a 9 de dezembro de 2022.<\/p>\n","protected":false},"excerpt":{"rendered":"<p>O per\u00edodo para a rematr\u00edcula obrigat\u00f3ria pelo Portal do Estudante vai de 5 a 9 de dezembro de 2022.<\/p>\n","protected":false},"author":10,"featured_media":0,"comment_status":"open","ping_status":"open","sticky":false,"template":"","format":"standard","meta":{"footnotes":""},"categories":[1],"tags":[],"class_list":["post-1462","post","type-post","status-publish","format-standard","hentry","category-sem-categoria"],"acf":[],"_links":{"self":[{"href":"https:\/\/pos.uel.br\/biologicas\/wp-json\/wp\/v2\/posts\/1462","targetHints":{"allow":["GET"]}}],"collection":[{"href":"https:\/\/pos.uel.br\/biologicas\/wp-json\/wp\/v2\/posts"}],"about":[{"href":"https:\/\/pos.uel.br\/biologicas\/wp-json\/wp\/v2\/types\/post"}],"author":[{"embeddable":true,"href":"https:\/\/pos.uel.br\/biologicas\/wp-json\/wp\/v2\/users\/10"}],"replies":[{"embeddable":true,"href":"https:\/\/pos.uel.br\/biologicas\/wp-json\/wp\/v2\/comments?post=1462"}],"version-history":[{"count":1,"href":"https:\/\/pos.uel.br\/biologicas\/wp-json\/wp\/v2\/posts\/1462\/revisions"}],"predecessor-version":[{"id":1463,"href":"https:\/\/pos.uel.br\/biologicas\/wp-json\/wp\/v2\/posts\/1462\/revisions\/1463"}],"wp:attachment":[{"href":"https:\/\/pos.uel.br\/biologicas\/wp-json\/wp\/v2\/media?parent=1462"}],"wp:term":[{"taxonomy":"category","embeddable":true,"href":"https:\/\/pos.uel.br\/biologicas\/wp-json\/wp\/v2\/categories?post=1462"},{"taxonomy":"post_tag","embeddable":true,"href":"https:\/\/pos.uel.br\/biologicas\/wp-json\/wp\/v2\/tags?post=1462"}],"curies":[{"name":"wp","href":"https:\/\/api.w.org\/{rel}","templated":true}]}}